{"id":24153,"date":"2016-07-04T12:25:49","date_gmt":"2016-07-04T12:25:49","guid":{"rendered":"http:\/\/plazajuarez.mx\/index\/index.php\/2016\/07\/04\/la-vieja-guardia-al-rescate-del-pri\/"},"modified":"2016-07-04T12:25:49","modified_gmt":"2016-07-04T12:25:49","slug":"la-vieja-guardia-al-rescate-del-pri","status":"publish","type":"post","link":"https:\/\/plazajuarez.mx\/historico\/la-vieja-guardia-al-rescate-del-pri\/","title":{"rendered":"\u00bfLa vieja guardia al rescate del PRI?"},"content":{"rendered":"<p style=\"text-align: justify;\">Bajo Reserva Expr\u00e9s\u00a0\u00a0\u00a0\u00a0 <br \/>AGENCIA EL UNIVERSAL<\/p>\n<p>  <!--more-->  <\/p>\n<p style=\"text-align: justify;\">Preocupados por la situaci\u00f3n que vive el PRI, varios de sus ex presidentes han comenzado a reunirse para tratar de determinar qu\u00e9 es lo que el partido necesita, nos comentan. <br \/>La primera conclusi\u00f3n a la que llegaron es que la militancia pri\u00edsta no sabe a d\u00f3nde va y que varios de los gobernadores tricolores j\u00f3venes han dejado maltrecho al PRI con sus pol\u00e9micas administraciones. <br \/>Nos dicen que entre algunos de los pri\u00edstas a los que se les ha visto en esas reuniones es a Beatriz Paredes, Jorge de la Vega y Gustavo Carvajal, entre otros. \u00a0\u00a0\u00a0 \u00a0\u00a0\u00a0 <\/p>\n","protected":false},"excerpt":{"rendered":"<p>Bajo Reserva Expr\u00e9s\u00a0\u00a0\u00a0\u00a0 AGENCIA EL UNIVERSAL<\/p>\n","protected":false},"author":93,"featured_media":0,"comment_status":"open","ping_status":"open","sticky":false,"template":"","format":"standard","meta":{"footnotes":""},"categories":[42],"tags":[],"class_list":["post-24153","post","type-post","status-publish","format-standard","hentry","category-nuestrapalabra"],"_links":{"self":[{"href":"https:\/\/plazajuarez.mx\/historico\/wp-json\/wp\/v2\/posts\/24153","targetHints":{"allow":["GET"]}}],"collection":[{"href":"https:\/\/plazajuarez.mx\/historico\/wp-json\/wp\/v2\/posts"}],"about":[{"href":"https:\/\/plazajuarez.mx\/historico\/wp-json\/wp\/v2\/types\/post"}],"author":[{"embeddable":true,"href":"https:\/\/plazajuarez.mx\/historico\/wp-json\/wp\/v2\/users\/93"}],"replies":[{"embeddable":true,"href":"https:\/\/plazajuarez.mx\/historico\/wp-json\/wp\/v2\/comments?post=24153"}],"version-history":[{"count":0,"href":"https:\/\/plazajuarez.mx\/historico\/wp-json\/wp\/v2\/posts\/24153\/revisions"}],"wp:attachment":[{"href":"https:\/\/plazajuarez.mx\/historico\/wp-json\/wp\/v2\/media?parent=24153"}],"wp:term":[{"taxonomy":"category","embeddable":true,"href":"https:\/\/plazajuarez.mx\/historico\/wp-json\/wp\/v2\/categories?post=24153"},{"taxonomy":"post_tag","embeddable":true,"href":"https:\/\/plazajuarez.mx\/historico\/wp-json\/wp\/v2\/tags?post=24153"}],"curies":[{"name":"wp","href":"https:\/\/api.w.org\/{rel}","templated":true}]}}