{"id":24152,"date":"2016-07-04T12:23:49","date_gmt":"2016-07-04T12:23:49","guid":{"rendered":"http:\/\/plazajuarez.mx\/index\/index.php\/2016\/07\/04\/banda-ms-niega-nexos-con-el-narco\/"},"modified":"2016-07-04T12:23:49","modified_gmt":"2016-07-04T12:23:49","slug":"banda-ms-niega-nexos-con-el-narco","status":"publish","type":"post","link":"https:\/\/plazajuarez.mx\/historico\/banda-ms-niega-nexos-con-el-narco\/","title":{"rendered":"Banda MS niega nexos con el narco"},"content":{"rendered":"<p style=\"text-align: justify;\">Aseguraron que no hay detenidos ni sospechosos hasta el momento, el Ministerio P\u00fablico abri\u00f3 una investigaci\u00f3n por el delito de lesiones dolosas con arma de fuego<\/p>\n<p>  <!--more-->  <\/p>\n<p style=\"text-align: justify;\">Fue la madrugada del s\u00e1bado cuando Alan Ram\u00edrez, vocalista de banda MS, fue alcanzado por el impacto de una bala al llegar a su hotel, despu\u00e9s de ofrecer un concierto en el Auditorio Nacional.<br \/>Y aunque el cantante se encuentra fuera de peligro, pero sigue bajo observaci\u00f3n m\u00e9dica, fueron los otros integrantes de la agrupaci\u00f3n quienes hablaron al respecto, aseguraron que no hay detenidos ni sospechosos hasta el momento, el Ministerio P\u00fablico abri\u00f3 una investigaci\u00f3n por el delito de lesiones dolosas con arma de fuego. Hasta el momento se ha descartado un atentado o asalto contra Alan, sino &#8220;una persona a la que se le ocurri\u00f3 hacer una maldad&#8221;. <br \/>Adem\u00e1s, sobre los rumores sobre la posible responsabilidad del ataque por alg\u00fan grupo delictivo aseguraron: &#8220;Definitivamente sabemos que no es un atentado, no tenemos nada de qu\u00e9 cuidarnos, no tengo por qu\u00e9, no tenemos por qu\u00e9 tener miedo. No somos individuos vinculados con el narcotr\u00e1fico. No tenemos nada que ocultar. No tenemos secretos&#8221;.<\/p>\n","protected":false},"excerpt":{"rendered":"<p>Aseguraron que no hay detenidos ni sospechosos hasta el momento, el Ministerio P\u00fablico abri\u00f3 una investigaci\u00f3n por el delito de lesiones dolosas con arma de fuego<\/p>\n","protected":false},"author":93,"featured_media":0,"comment_status":"open","ping_status":"open","sticky":false,"template":"","format":"standard","meta":{"footnotes":""},"categories":[38],"tags":[],"class_list":["post-24152","post","type-post","status-publish","format-standard","hentry","category-show"],"_links":{"self":[{"href":"https:\/\/plazajuarez.mx\/historico\/wp-json\/wp\/v2\/posts\/24152","targetHints":{"allow":["GET"]}}],"collection":[{"href":"https:\/\/plazajuarez.mx\/historico\/wp-json\/wp\/v2\/posts"}],"about":[{"href":"https:\/\/plazajuarez.mx\/historico\/wp-json\/wp\/v2\/types\/post"}],"author":[{"embeddable":true,"href":"https:\/\/plazajuarez.mx\/historico\/wp-json\/wp\/v2\/users\/93"}],"replies":[{"embeddable":true,"href":"https:\/\/plazajuarez.mx\/historico\/wp-json\/wp\/v2\/comments?post=24152"}],"version-history":[{"count":0,"href":"https:\/\/plazajuarez.mx\/historico\/wp-json\/wp\/v2\/posts\/24152\/revisions"}],"wp:attachment":[{"href":"https:\/\/plazajuarez.mx\/historico\/wp-json\/wp\/v2\/media?parent=24152"}],"wp:term":[{"taxonomy":"category","embeddable":true,"href":"https:\/\/plazajuarez.mx\/historico\/wp-json\/wp\/v2\/categories?post=24152"},{"taxonomy":"post_tag","embeddable":true,"href":"https:\/\/plazajuarez.mx\/historico\/wp-json\/wp\/v2\/tags?post=24152"}],"curies":[{"name":"wp","href":"https:\/\/api.w.org\/{rel}","templated":true}]}}