{"id":24151,"date":"2016-07-04T12:23:28","date_gmt":"2016-07-04T12:23:28","guid":{"rendered":"http:\/\/plazajuarez.mx\/index\/index.php\/2016\/07\/04\/ringo-starr-defiende-el-brexit\/"},"modified":"2016-07-04T12:23:28","modified_gmt":"2016-07-04T12:23:28","slug":"ringo-starr-defiende-el-brexit","status":"publish","type":"post","link":"https:\/\/plazajuarez.mx\/historico\/ringo-starr-defiende-el-brexit\/","title":{"rendered":"Ringo Starr defiende el Brexit"},"content":{"rendered":"<p style=\"text-align: justify;\">\u201cEra un gran seguidor cuando todo empez\u00f3. Yo he vivido en toda Europa, as\u00ed que pens\u00e9: \u2018ser\u00e1 grandioso\u2019. Pero en realidad nunca se unieron (los pa\u00edses) y eso nunca se fortaleci\u00f3\u201d, se\u00f1al\u00f3<\/p>\n<p>  <!--more-->  <\/p>\n<p style=\"text-align: justify;\">El ex beatle Ringo Starr parece estar de acuerdo con el Brexit y que Reino Unido se deslinde de la Uni\u00f3n Europea, pues dice, necesitan regresar a sus ra\u00edces, justo cuando sus connacionales buscan un nuevo refer\u00e9ndum para abolir la decisi\u00f3n que los separar\u00e1 del resto de los pa\u00edses europeos. <br \/>Starr se suma a la lista de defensores del Brexit, nombre otorgado a la campa\u00f1a que promovi\u00f3 el deslinde definitivo de su pa\u00eds y la UE tras el referendo del pasado 23 de junio. <br \/>De acuerdo con el peri\u00f3dico brit\u00e1nico Mirror, el baterista y cantante se\u00f1al\u00f3 recientemente que aunque en un inicio estaba de acuerdo con que Reino Unido fuera parte de la UE, tras los a\u00f1os se dio cuenta que lo que empez\u00f3 como una buena idea, realmente nunca se llev\u00f3 a cabo. <br \/>\u201cEra un gran seguidor cuando todo empez\u00f3. Yo he vivido en toda Europa, as\u00ed que pens\u00e9: \u2018ser\u00e1 grandioso\u2019. Pero en realidad nunca se unieron (los pa\u00edses) y eso nunca se fortaleci\u00f3\u201d, se\u00f1al\u00f3. <br \/>Starr explic\u00f3 que quiz\u00e1 la verdadera raz\u00f3n de la uni\u00f3n fue un simple negocio entre naciones, algo que no ten\u00eda que ver con hermanar a Europa. <br \/>\u201cTal vez por una manera de negocio fue que se reunieron pero todo el mundo mantuvo sus propias banderas, en realidad no se convirti\u00f3 en un festival de amor\u201d, dijo. <br \/>Starr, quien desde hace algunos a\u00f1os vive en Los \u00c1ngeles, California, dijo que rara vez regres\u00f3 a Liverpool, su pueblo natal, y a pesar de ello a\u00fan se siente cercano a ese lugar.<\/p>\n","protected":false},"excerpt":{"rendered":"<p>\u201cEra un gran seguidor cuando todo empez\u00f3. Yo he vivido en toda Europa, as\u00ed que pens\u00e9: \u2018ser\u00e1 grandioso\u2019. Pero en realidad nunca se unieron (los pa\u00edses) y eso nunca se fortaleci\u00f3\u201d, se\u00f1al\u00f3<\/p>\n","protected":false},"author":93,"featured_media":0,"comment_status":"open","ping_status":"open","sticky":false,"template":"","format":"standard","meta":{"footnotes":""},"categories":[38],"tags":[],"class_list":["post-24151","post","type-post","status-publish","format-standard","hentry","category-show"],"_links":{"self":[{"href":"https:\/\/plazajuarez.mx\/historico\/wp-json\/wp\/v2\/posts\/24151","targetHints":{"allow":["GET"]}}],"collection":[{"href":"https:\/\/plazajuarez.mx\/historico\/wp-json\/wp\/v2\/posts"}],"about":[{"href":"https:\/\/plazajuarez.mx\/historico\/wp-json\/wp\/v2\/types\/post"}],"author":[{"embeddable":true,"href":"https:\/\/plazajuarez.mx\/historico\/wp-json\/wp\/v2\/users\/93"}],"replies":[{"embeddable":true,"href":"https:\/\/plazajuarez.mx\/historico\/wp-json\/wp\/v2\/comments?post=24151"}],"version-history":[{"count":0,"href":"https:\/\/plazajuarez.mx\/historico\/wp-json\/wp\/v2\/posts\/24151\/revisions"}],"wp:attachment":[{"href":"https:\/\/plazajuarez.mx\/historico\/wp-json\/wp\/v2\/media?parent=24151"}],"wp:term":[{"taxonomy":"category","embeddable":true,"href":"https:\/\/plazajuarez.mx\/historico\/wp-json\/wp\/v2\/categories?post=24151"},{"taxonomy":"post_tag","embeddable":true,"href":"https:\/\/plazajuarez.mx\/historico\/wp-json\/wp\/v2\/tags?post=24151"}],"curies":[{"name":"wp","href":"https:\/\/api.w.org\/{rel}","templated":true}]}}