{"id":24150,"date":"2016-07-04T12:23:13","date_gmt":"2016-07-04T12:23:13","guid":{"rendered":"http:\/\/plazajuarez.mx\/index\/index.php\/2016\/07\/04\/adios-a-la-voz-de-chabelo\/"},"modified":"2016-07-04T12:23:13","modified_gmt":"2016-07-04T12:23:13","slug":"adios-a-la-voz-de-chabelo","status":"publish","type":"post","link":"https:\/\/plazajuarez.mx\/historico\/adios-a-la-voz-de-chabelo\/","title":{"rendered":"Adi\u00f3s a la voz de &#8220;Chabelo&#8221;"},"content":{"rendered":"<p style=\"text-align: justify;\">&#8220;Este&#8230; No ya no voy a hablar as\u00ed&#8221;, dijo \u201cChabelo\u201d con su caracter\u00edstica voz frente al p\u00fablico, poco antes de develar la placa de 150 representaciones de \u201cEl Joven Frankenstein\u201d<\/p>\n<p>  <!--more-->  <\/p>\n<p style=\"text-align: justify;\">&#8220;Este&#8230; No ya no voy a hablar as\u00ed&#8221;, dijo \u201cChabelo\u201d con su caracter\u00edstica voz frente al p\u00fablico, poco antes de develar la placa de 150 representaciones de \u201cEl Joven Frankenstein\u201d la noche del s\u00e1bado en el Teatro Aldama. Todos respondieron con que siguiera y entonces se escuch\u00f3 un &#8220;No quiero&#8221; pero ya en voz de Xavier L\u00f3pez. <br \/>Poco antes que el productor Alejandro Gou lo anunciara para develar la placa, Xavier L\u00f3pez se levant\u00f3 de su asiento y camin\u00f3 entre las siempre dificultosas filas de asientos hasta acercarse al escenario. <br \/>Antes que dijera nada, se apagaron las luces y a trav\u00e9s de un video homenajearon al actor. <br \/>&#8220;Todo lo que comienza tiene que terminar, \u00bfqu\u00e9 ser\u00e1 de la televisi\u00f3n mexicana sin ese ni\u00f1o, qu\u00e9 veremos en un futuro?&#8221; Cuestion\u00f3 el narrador del video y llam\u00f3 a descubrir lo que hab\u00eda en la catafixia n\u00famero uno, y para sorpresa de todos fue la voz de Alberto Aguilera la que respondi\u00f3. <br \/>&#8220;\u00a1El adulto que nunca dej\u00f3 de ser ni\u00f1o, el amigo de todos los ni\u00f1os, El Ni\u00f1o m\u00e1s grandote, Xavier L\u00f3pez Chabelo!&#8221; Tras una pausa llena de aplausos fue cuando Chabelo habl\u00f3 con cierta nostalgia tambi\u00e9n y dijo que ya no hablar\u00eda as\u00ed. Al cambiar su voz y ser Xavier de nuevo, expres\u00f3. <br \/>&#8220;Quiero agradecer en verdad muy sinceramente y en todo lo que vale el que me hayan invitado el d\u00eda de hoy esta extraordinaria compa\u00f1\u00eda de grandes actores, muchas, muchas felicidades a todos y a cada uno de ustedes, felicidades, y pido un aplauso para esta compa\u00f1\u00eda adem\u00e1s que me ha hecho el honor de invitarme a develar la placa&#8221;. <br \/>&#8220;Si no fuera por ustedes no se cumplir\u00edan esas representaciones as\u00ed que a nombre de todos y cada uno de ustedes de todo coraz\u00f3n much\u00edsimas, much\u00edsimas gracias&#8221;, finaliz\u00f3 Xavier L\u00f3pez.<\/p>\n","protected":false},"excerpt":{"rendered":"<p>&#8220;Este&#8230; No ya no voy a hablar as\u00ed&#8221;, dijo \u201cChabelo\u201d con su caracter\u00edstica voz frente al p\u00fablico, poco antes de develar la placa de 150 representaciones de \u201cEl Joven Frankenstein\u201d<\/p>\n","protected":false},"author":93,"featured_media":0,"comment_status":"open","ping_status":"open","sticky":false,"template":"","format":"standard","meta":{"footnotes":""},"categories":[38],"tags":[],"class_list":["post-24150","post","type-post","status-publish","format-standard","hentry","category-show"],"_links":{"self":[{"href":"https:\/\/plazajuarez.mx\/historico\/wp-json\/wp\/v2\/posts\/24150","targetHints":{"allow":["GET"]}}],"collection":[{"href":"https:\/\/plazajuarez.mx\/historico\/wp-json\/wp\/v2\/posts"}],"about":[{"href":"https:\/\/plazajuarez.mx\/historico\/wp-json\/wp\/v2\/types\/post"}],"author":[{"embeddable":true,"href":"https:\/\/plazajuarez.mx\/historico\/wp-json\/wp\/v2\/users\/93"}],"replies":[{"embeddable":true,"href":"https:\/\/plazajuarez.mx\/historico\/wp-json\/wp\/v2\/comments?post=24150"}],"version-history":[{"count":0,"href":"https:\/\/plazajuarez.mx\/historico\/wp-json\/wp\/v2\/posts\/24150\/revisions"}],"wp:attachment":[{"href":"https:\/\/plazajuarez.mx\/historico\/wp-json\/wp\/v2\/media?parent=24150"}],"wp:term":[{"taxonomy":"category","embeddable":true,"href":"https:\/\/plazajuarez.mx\/historico\/wp-json\/wp\/v2\/categories?post=24150"},{"taxonomy":"post_tag","embeddable":true,"href":"https:\/\/plazajuarez.mx\/historico\/wp-json\/wp\/v2\/tags?post=24150"}],"curies":[{"name":"wp","href":"https:\/\/api.w.org\/{rel}","templated":true}]}}