{"id":24146,"date":"2016-07-04T12:20:31","date_gmt":"2016-07-04T12:20:31","guid":{"rendered":"http:\/\/plazajuarez.mx\/index\/index.php\/2016\/07\/04\/futbol-nacional-492\/"},"modified":"2016-07-04T12:20:31","modified_gmt":"2016-07-04T12:20:31","slug":"futbol-nacional-492","status":"publish","type":"post","link":"https:\/\/plazajuarez.mx\/historico\/futbol-nacional-492\/","title":{"rendered":"Futbol Nacional"},"content":{"rendered":"<p style=\"text-align: justify;\">#TIGRES<br \/>\u201cEL TUCA\u201d FERRETI VUELVE A LA POL\u00c9MICA<br \/>\u25cf\u00a0\u00a0\u00a0 En un video captado por la televisora Multimedios Deportes, se aprecia el momento en que Ferretti responde a los reclamos del fan, quien se encontraba en compa\u00f1\u00eda de un menor.<\/p>\n<p>  <!--more-->  <\/p>\n<p style=\"text-align: justify;\">\u201c\u00bfCu\u00e1l t\u00edtulo de cien?, es un juego amistoso y vienes a chin\u2026 carajo\u201d; Ricardo Ferreti.<\/p>\n<p>El car\u00e1cter explosivo de Ricardo Ferretti volvi\u00f3 a relucir al medio tiempo del partido amistoso entre Tigres y Correcaminos de este s\u00e1bado en el Estadio Universitario, cuando el t\u00e9cnico respondi\u00f3 con gritos y palabras altisonantes a la inconformidad de un aficionado que no le pareci\u00f3 la manera en que jugaba el equipo.<br \/>Asimismo, antes de ingresar al vestidor, el Tuca encar\u00f3 al seguidor auriazul luego de escuchar los reclamos, cuando el cuadro titular de los universitarios perd\u00eda 1-0 al concluir la primera parte del encuentro de preparaci\u00f3n, con una anotaci\u00f3n de Pierre Ibarra de parte de los visitantes.<br \/>Del mismo modo, en un video captado por la televisora Multimedios Deportes, se aprecia el momento en que Ferretti responde a los reclamos del fan, quien se encontraba en compa\u00f1\u00eda de un menor.<br \/>\u201c\u00bfCu\u00e1l t\u00edtulo de cien?, es un juego amistoso y vienes a chin\u2026 carajo\u201d, grit\u00f3 el estratega previo a entrar al vestuario.<br \/>Esta no es la primera vez que el Tuca arremete contra un aficionado, pues son ya varias las ocasiones que en los partidos e incluso entrenamientos donde ha explotado contra de los reclamos a la manera de jugar de su equipo.<br \/>**<\/p>\n<p style=\"text-align: justify;\">#CRUZ AZUL<br \/>ENZO ROCO SUPERA EX\u00c1MENES M\u00c9DICOS <br \/>El flamante refuerzo del Cruz Azul, Enzo Roco, llegar\u00e1 a M\u00e9xico el pr\u00f3ximo domingo con la confianza de incorporarse de lleno a su nueva escuadra, puesto que ya se realiz\u00f3 los ex\u00e1menes m\u00e9dicos de rigor.<br \/>As\u00ed lo inform\u00f3 su representante, Arturo Jim\u00e9nez, ante las dudas que gener\u00f3 el hecho de que Cruz Azul presentara \u2018en paquete\u2019 a sus tres nuevos refuerzos extranjeros, a pesar de que dos de ellos todav\u00eda no arriban a suelo azteca y por ende, se pensaba que a\u00fan no aprobaban los ex\u00e1menes m\u00e9dicos.<br \/>Lo anterior viene a colaci\u00f3n porque la directiva celeste tiene por norma hacer el anuncio oficial de sus contrataciones con los resultados de los estudios en mano, dado las malas experiencias que ha tenido con algunos refuerzos. Por ejemplo, con los colombianos Carlos Lizarazo y Wason Renter\u00eda.<br \/>El primero lleg\u00f3 para el Clausura 2015 a la Liga MX y nunca debut\u00f3 con la M\u00e1quina Celeste porque se la pas\u00f3 lesionado, mientras que el segundo no pas\u00f3 los ex\u00e1menes m\u00e9dicos en 2011 y aunque se hab\u00eda anunciado con bombo y platillo, Cruz Azul desisti\u00f3 de su contrataci\u00f3n.<br \/>\u201cEl jugador viaja el 10 de julio y ya est\u00e1n los ex\u00e1menes m\u00e9dicos aprobados\u201d, adelant\u00f3 Jim\u00e9nez sobre Roco. El defensa\u00a0 se encuentra de vacaciones.<br \/>**<\/p>\n<p style=\"text-align: justify;\">Se cae fichaje del jugador Gabriel Mercado para Rayados <br \/>Monterrey inform\u00f3 que Gabriel Mercado rompi\u00f3 de forma unilateral el acuerdo que ten\u00eda con este club, por lo que su fichaje con el Monterrey se cay\u00f3 sorpresivamente.<br \/>En los \u00faltimos d\u00edas, el zaguero argentino hab\u00eda dejado dudas sobre su transferencia al conjunto regio, aunque pese a todo, el t\u00e9cnico Antonio Mohamed confiaba en su llegada.<br \/>\u201cNos faltan detalles que tienen que resolver los directivos, cuando se resuelva vendr\u00e1 con nosotros\u201d, expres\u00f3 en la v\u00edspera el \u2018Turco\u2019.<br \/>La directiva rayada se\u00f1al\u00f3 a la letra que &#8220;les participamos que la tarde de hoy, el se\u00f1or Gabriel Mercado rompi\u00f3, en forma unilateral, el acuerdo que exist\u00eda entre el propio jugador y nuestra instituci\u00f3n&#8221;.<br \/>Afirm\u00f3 que aunque todo se gestion\u00f3 en tiempo y forma, el jugador del River Plate y de la Selecci\u00f3n Argentina, conjuntamente con su representante, determinaron disolver el acuerdo que hab\u00eda con La Pandilla, &#8220;por as\u00ed convenir a sus intereses, mismos que en su oportunidad conciliaban debidamente con la oferta que nuestro club realiz\u00f3&#8221;.<br \/>Asimismo, agreg\u00f3 en el comunicado, que &#8220;nuestra instituci\u00f3n continuar\u00e1 con las gestiones necesarias para incorporar a un jugador para resolver, cuanto antes, los requerimientos deportivos para el pr\u00f3ximo torneo&#8221;.<\/p>\n","protected":false},"excerpt":{"rendered":"<p>#TIGRES\u201cEL TUCA\u201d FERRETI VUELVE A LA POL\u00c9MICA\u25cf\u00a0\u00a0\u00a0 En un video captado por la televisora Multimedios Deportes, se aprecia el momento en que Ferretti responde a los reclamos del fan, quien se encontraba en compa\u00f1\u00eda de un menor.<\/p>\n","protected":false},"author":93,"featured_media":0,"comment_status":"open","ping_status":"open","sticky":false,"template":"","format":"standard","meta":{"footnotes":""},"categories":[39],"tags":[],"class_list":["post-24146","post","type-post","status-publish","format-standard","hentry","category-deportiva"],"_links":{"self":[{"href":"https:\/\/plazajuarez.mx\/historico\/wp-json\/wp\/v2\/posts\/24146","targetHints":{"allow":["GET"]}}],"collection":[{"href":"https:\/\/plazajuarez.mx\/historico\/wp-json\/wp\/v2\/posts"}],"about":[{"href":"https:\/\/plazajuarez.mx\/historico\/wp-json\/wp\/v2\/types\/post"}],"author":[{"embeddable":true,"href":"https:\/\/plazajuarez.mx\/historico\/wp-json\/wp\/v2\/users\/93"}],"replies":[{"embeddable":true,"href":"https:\/\/plazajuarez.mx\/historico\/wp-json\/wp\/v2\/comments?post=24146"}],"version-history":[{"count":0,"href":"https:\/\/plazajuarez.mx\/historico\/wp-json\/wp\/v2\/posts\/24146\/revisions"}],"wp:attachment":[{"href":"https:\/\/plazajuarez.mx\/historico\/wp-json\/wp\/v2\/media?parent=24146"}],"wp:term":[{"taxonomy":"category","embeddable":true,"href":"https:\/\/plazajuarez.mx\/historico\/wp-json\/wp\/v2\/categories?post=24146"},{"taxonomy":"post_tag","embeddable":true,"href":"https:\/\/plazajuarez.mx\/historico\/wp-json\/wp\/v2\/tags?post=24146"}],"curies":[{"name":"wp","href":"https:\/\/api.w.org\/{rel}","templated":true}]}}