{"id":241454,"date":"2022-12-09T08:45:00","date_gmt":"2022-12-09T14:45:00","guid":{"rendered":"https:\/\/plazajuarez.mx\/?p=241454"},"modified":"2022-12-09T08:45:07","modified_gmt":"2022-12-09T14:45:07","slug":"la-adopcion-es-un-acto-de-bondad-edda-vite","status":"publish","type":"post","link":"https:\/\/plazajuarez.mx\/historico\/la-adopcion-es-un-acto-de-bondad-edda-vite\/","title":{"rendered":"\u201cLa adopci\u00f3n es un acto de bondad\u201d: Edda Vite"},"content":{"rendered":"\n<p>Con el objetivo de restituir el derecho de la ni\u00f1ez y juventud hidalguense a vivir en familia Edda Vite, presidenta del Patronato del Sistema DIF Hidalgo y Javier Rodr\u00edguez, director general del organismo, en conjunto con las autoridades de la Procuradur\u00eda de Protecci\u00f3n de Ni\u00f1as, Ni\u00f1os, Adolescentes y la Familia del Estado de Hidalgo; el Tribunal Superior de Justicia, la Procuradur\u00eda General de Justicia del estado y la Comisi\u00f3n de Derechos Humanos; instauraron el Consejo T\u00e9cnico de Adopciones.<\/p>\n\n\n\n<p>Edda Vite Ramos ratific\u00f3 que la ejecuci\u00f3n del procedimiento legal ser\u00e1 guiado y constatado a trav\u00e9s de las diversas instancias interdisciplinares que conforman el \u00f3rgano.<\/p>\n\n\n\n<p>Del mismo modo hizo hincapi\u00e9 en la gran responsabilidad y relevancia de revisar con detenimiento la din\u00e1mica de cada n\u00facleo familiar al que puede integrarse un infante con el fin de salvaguardar el inter\u00e9s m\u00e1ximo de la ni\u00f1ez y su derecho a vivir en familia.<\/p>\n\n\n\n<p>\u201cTenemos 25 familias candidatas, tenemos que elegir a las familias ideales. En nuestras manos tenemos una decisi\u00f3n muy importante en que nosotros le vamos a proporcionar a nuestros peque\u00f1os esa familia a la que tienen derecho\u201d, asegur\u00f3 Edda Vite.<\/p>\n\n\n\n<p>Finalmente exhort\u00f3 a la sociedad hidalguense a cambiar de mentalidad sobre la figura de la adopci\u00f3n como medio para brindar un mejor futuro a las ni\u00f1as y ni\u00f1os de la entidad que se encuentran en situaci\u00f3n de vulnerabilidad.<\/p>\n","protected":false},"excerpt":{"rendered":"<p>Con el objetivo de restituir el derecho de la ni\u00f1ez y juventud hidalguense a vivir en familia Edda Vite, presidenta del Patronato del Sistema DIF Hidalgo y Javier Rodr\u00edguez, director general del organismo, en conjunto con las autoridades de la Procuradur\u00eda de Protecci\u00f3n de Ni\u00f1as, Ni\u00f1os, Adolescentes y la Familia del Estado de Hidalgo; el [&hellip;]<\/p>\n","protected":false},"author":93,"featured_media":241455,"comment_status":"closed","ping_status":"closed","sticky":false,"template":"","format":"standard","meta":{"footnotes":""},"categories":[59,2159],"tags":[],"class_list":["post-241454","post","type-post","status-publish","format-standard","has-post-thumbnail","hentry","category-general","category-noticias-de-hidalgo"],"_links":{"self":[{"href":"https:\/\/plazajuarez.mx\/historico\/wp-json\/wp\/v2\/posts\/241454","targetHints":{"allow":["GET"]}}],"collection":[{"href":"https:\/\/plazajuarez.mx\/historico\/wp-json\/wp\/v2\/posts"}],"about":[{"href":"https:\/\/plazajuarez.mx\/historico\/wp-json\/wp\/v2\/types\/post"}],"author":[{"embeddable":true,"href":"https:\/\/plazajuarez.mx\/historico\/wp-json\/wp\/v2\/users\/93"}],"replies":[{"embeddable":true,"href":"https:\/\/plazajuarez.mx\/historico\/wp-json\/wp\/v2\/comments?post=241454"}],"version-history":[{"count":0,"href":"https:\/\/plazajuarez.mx\/historico\/wp-json\/wp\/v2\/posts\/241454\/revisions"}],"wp:featuredmedia":[{"embeddable":true,"href":"https:\/\/plazajuarez.mx\/historico\/wp-json\/wp\/v2\/media\/241455"}],"wp:attachment":[{"href":"https:\/\/plazajuarez.mx\/historico\/wp-json\/wp\/v2\/media?parent=241454"}],"wp:term":[{"taxonomy":"category","embeddable":true,"href":"https:\/\/plazajuarez.mx\/historico\/wp-json\/wp\/v2\/categories?post=241454"},{"taxonomy":"post_tag","embeddable":true,"href":"https:\/\/plazajuarez.mx\/historico\/wp-json\/wp\/v2\/tags?post=241454"}],"curies":[{"name":"wp","href":"https:\/\/api.w.org\/{rel}","templated":true}]}}