{"id":24143,"date":"2016-07-04T12:19:48","date_gmt":"2016-07-04T12:19:48","guid":{"rendered":"http:\/\/plazajuarez.mx\/index\/index.php\/2016\/07\/04\/gora-san-fermin\/"},"modified":"2016-07-04T12:19:48","modified_gmt":"2016-07-04T12:19:48","slug":"gora-san-fermin","status":"publish","type":"post","link":"https:\/\/plazajuarez.mx\/historico\/gora-san-fermin\/","title":{"rendered":"GORA SAN FERM\u00cdN"},"content":{"rendered":"<p style=\"text-align: justify;\">#ENTRE EL CALLEJ\u00d3N Y EL TENDIDO <br \/>\u25cf\u00a0\u00a0\u00a0 Comienza la tradicional Feria de San Ferm\u00edn en Pamplona. <br \/>\u00a0<\/p>\n<p>  <!--more-->  <\/p>\n<p style=\"text-align: justify;\">Estimados Amigos, salud\u00e1ndolos nuevamente desde Plaza Ju\u00e1rez. Dice el c\u00e1ntico Navarro, \u201c\u2026uno, de Enero, dos de Febrero, tres de Marzo, cuatro de Abril, cinco de Mayo, seis de Junio, siete de Julio San Ferm\u00edn\u2026\u201d y as\u00ed cada a\u00f1o, la primer semana del mes de Julio, las calles de Pamplona, capital de la Comunidad Foral de Navarra, Espa\u00f1a, se llenan de miles de personas, unas armadas de valor y otras, inconscientes del riesgo, dispuestas a correr delante de los toros, renovando una tradici\u00f3n, en la que corredores Pamploneses expertos de toda la vida, junto con cientos de turistas espa\u00f1oles y de todas partes del mundo, se atreven a conducir a los toros -que han de lidiarse por la tarde- desde los corralillos donde han pasado la noche hasta la plaza de toros, recorriendo unos 800 metros de calles adoquinadas, que se recorren en tan s\u00f3lo dos o tres minutos. Durante este trayecto algunos son alcanzados por los toros sufriendo heridas por cornadas y patadas. El peligro resulta mayor al desatender las indicaciones bien conocidas por los expertos o en correr el encierro sin estar en las condiciones debidas, pues en realidad, son pocos los que, a golpe de peri\u00f3dico, van guiando a los toros; en tanto la mayor parte de los corredores, sobre todo los no experimentados, corren a una cierta distancia de los bureles. <br \/>La Fiesta de san Ferm\u00edn, patrono de Pamplona, o Sanfermines data de \u00e9poca medieval, en que se inici\u00f3 como una feria comercial y fiesta profana, usando para ello las fechas de fiestas religiosas cristianas, que a su vez usaban fechas festivas de or\u00edgenes m\u00e1s anteriores, como la del paganismo vasco y latino. A comienzos del siglo XIII se celebraban unas ferias comerciales tras la noche de San Juan, entre el d\u00eda 23 y el 24 de junio, coincidiendo el comienzo del verano. A esta festividad le segu\u00eda la de San Pedro y luego estaba la de Santiago, el 25 de julio, justo un mes despu\u00e9s; y en medio, San Ferm\u00edn. <br \/>Siendo las ferias lugares de encuentro de mercaderes, ganaderos y aldeanos, eran tambi\u00e9n pretexto para festejar y comenzaron a organizarse Corridas de Toros como parte de la tradici\u00f3n, as\u00ed en alguna fecha probablemente a finales del siglo XVI, tuvieron su origen lo que se puede considerar propiamente los primeros Sanfermines. En otra fecha al final del verano, el 10 de octubre se organizaba una feria en Pamplona, de siete d\u00edas de duraci\u00f3n, desde el a\u00f1o 1324, por privilegio del Rey Carlos I de Navarra y IV de Francia. En 1381 por privilegio de su sucesor, Carlos II de Navarra, pas\u00f3 a ser feria franca, coincidiendo tambi\u00e9n entonces con festividades religiosas, las dos ferias, de inicio y final del verano, se unificaron para aprovechar el mejor tiempo, comenzando el d\u00eda s\u00e9ptimo del s\u00e9ptimo mes: el 7 de Julio, consta que, precisamente, el 7 de Julio del a\u00f1o 1591, el Regimiento (Ayuntamiento de entonces) celebr\u00f3 una fiesta con el siguiente programa: Preg\u00f3n de Fiestas; Torneo de lanzas en la Plaza del Castillo; Teatro: &#8220;Comedia y Tragedia del Bienaventurado San Ferm\u00edn&#8221;; Danzas, procesi\u00f3n por las calles y al d\u00eda siguiente, se celebr\u00f3 una corrida de toros. <br \/>Por cuanto a correr los encierros durante las Fiestas de San Ferm\u00edn, tiene su origen en una costumbre medieval en la que los pastores Navarros llevaban a los toros de lidia desde las dehesas de La Ribera de Navarra hasta la plaza mayor, que serv\u00eda de coso taurino al no existir una plaza de toros. La noche anterior a la corrida la pasaban los astados acampados cerca de la ciudad, y al amanecer, entraban a las carreras arropadas por los cabestros (toros mansos) y acompa\u00f1ados de gente que, a caballo o a pie, ayudaba con palos y gritos a encerrarlos en los corrales. <br \/>A finales del siglo XIX, se pas\u00f3 de correr detr\u00e1s de los toros, para ayudar a encerrarlos, a correr delante de ellos lo que se convirti\u00f3 en una costumbre popular. Dicen las cr\u00f3nicas que los primeros en desafiar las prohibiciones que imped\u00edan correr delante de los astados fueron los carniceros del Mercado de Santo Domingo, situado junto a la cuesta del mismo nombre. <br \/>El recorrido se realiza a lo largo de las calles de la parte vieja de Pamplona. Da comienzo en los corralillos de la cuesta de Santo Domingo, subiendo hasta la Plaza Consistorial o Plaza del Ayuntamiento y girando por la calle Mercaderes, para acceder a la calle Estafeta que conduce finalmente por el tramo de Telef\u00f3nica hasta el callej\u00f3n que entra a la Plaza de Toros. El itinerario original terminaba en la Plaza del Castillo, y ha variado a lo largo de la historia, siendo en 1856 la primera vez que discurri\u00f3 por la calle Estafeta que es el tramo recto m\u00e1s largo de los encierros. La manada est\u00e1 compuesta por seis toros y ocho cabestros y hace el recorrido completo en un promedio de cuatro minutos Los espectadores se colocan sobre los vallados de madera que cierran calles para observar el paso de toros, cabestros y corredores con destino a la plaza de toros en donde ya se encuentra un n\u00famero considerable de aficionados instalados en el grader\u00edo para ver la llegada del encierro al ruedo y de ah a los corrales, continuando la fiesta con la suelta de vacas bravas para que calmen los mozos sus ansias de novillero. <br \/>En su evoluci\u00f3n los Sanfermines ha perdiendo mucho de su componente religioso -aunque la procesi\u00f3n sigue siendo multitudinaria- centr\u00e1ndose su inter\u00e9s en el aspecto taurino, que adem\u00e1s alcanz\u00f3 una difusi\u00f3n mundial a trav\u00e9s de las novelas del norteamericano Ernest Hemingway. Gora San Ferm\u00edn. <br \/>Por ah\u00ed nos vemos ENTRE EL CALLEJ\u00d3N Y EL TENDIDO, si Dios lo permite. <\/p>\n","protected":false},"excerpt":{"rendered":"<p>#ENTRE EL CALLEJ\u00d3N Y EL TENDIDO \u25cf\u00a0\u00a0\u00a0 Comienza la tradicional Feria de San Ferm\u00edn en Pamplona. \u00a0<\/p>\n","protected":false},"author":93,"featured_media":0,"comment_status":"open","ping_status":"open","sticky":false,"template":"","format":"standard","meta":{"footnotes":""},"categories":[39],"tags":[],"class_list":["post-24143","post","type-post","status-publish","format-standard","hentry","category-deportiva"],"_links":{"self":[{"href":"https:\/\/plazajuarez.mx\/historico\/wp-json\/wp\/v2\/posts\/24143","targetHints":{"allow":["GET"]}}],"collection":[{"href":"https:\/\/plazajuarez.mx\/historico\/wp-json\/wp\/v2\/posts"}],"about":[{"href":"https:\/\/plazajuarez.mx\/historico\/wp-json\/wp\/v2\/types\/post"}],"author":[{"embeddable":true,"href":"https:\/\/plazajuarez.mx\/historico\/wp-json\/wp\/v2\/users\/93"}],"replies":[{"embeddable":true,"href":"https:\/\/plazajuarez.mx\/historico\/wp-json\/wp\/v2\/comments?post=24143"}],"version-history":[{"count":0,"href":"https:\/\/plazajuarez.mx\/historico\/wp-json\/wp\/v2\/posts\/24143\/revisions"}],"wp:attachment":[{"href":"https:\/\/plazajuarez.mx\/historico\/wp-json\/wp\/v2\/media?parent=24143"}],"wp:term":[{"taxonomy":"category","embeddable":true,"href":"https:\/\/plazajuarez.mx\/historico\/wp-json\/wp\/v2\/categories?post=24143"},{"taxonomy":"post_tag","embeddable":true,"href":"https:\/\/plazajuarez.mx\/historico\/wp-json\/wp\/v2\/tags?post=24143"}],"curies":[{"name":"wp","href":"https:\/\/api.w.org\/{rel}","templated":true}]}}