{"id":241313,"date":"2022-12-08T08:58:48","date_gmt":"2022-12-08T14:58:48","guid":{"rendered":"https:\/\/plazajuarez.mx\/?p=241313"},"modified":"2022-12-08T08:58:55","modified_gmt":"2022-12-08T14:58:55","slug":"mantiene-jms-compromiso-con-las-juventudes","status":"publish","type":"post","link":"https:\/\/plazajuarez.mx\/historico\/mantiene-jms-compromiso-con-las-juventudes\/","title":{"rendered":"Mantiene JMS compromiso con las juventudes"},"content":{"rendered":"\n<p>En cumplimiento al compromiso de reconocer e impulsar la participaci\u00f3n de las juventudes hidalguenses, el gobernador Julio Menchaca Salazar, encabez\u00f3 la entrega del Premio Estatal de la Juventud 2022.<\/p>\n\n\n\n<p>El mandatario estatal reconoci\u00f3 a quienes gracias a su esfuerzo y empe\u00f1o han alcanzado este galard\u00f3n: \u201cCon su liderazgo, trabajo, talento y el respaldo de sus autoridades lograremos construir una mejor sociedad, en donde se eliminen las barreras que han lastimado la vida de muchas personas que defienden una causa en favor de quienes menos tienen\u201d, declar\u00f3.&nbsp;<\/p>\n\n\n\n<p>El funcionario federal subray\u00f3 que son las personas j\u00f3venes quienes han levantado la voz durante las etapas m\u00e1s oscuras de la memoria colectiva, por lo que exhort\u00f3 a las y los asistentes a seguir rompiendo los paradigmas.<\/p>\n","protected":false},"excerpt":{"rendered":"<p>En cumplimiento al compromiso de reconocer e impulsar la participaci\u00f3n de las juventudes hidalguenses, el gobernador Julio Menchaca Salazar, encabez\u00f3 la entrega del Premio Estatal de la Juventud 2022. El mandatario estatal reconoci\u00f3 a quienes gracias a su esfuerzo y empe\u00f1o han alcanzado este galard\u00f3n: \u201cCon su liderazgo, trabajo, talento y el respaldo de sus [&hellip;]<\/p>\n","protected":false},"author":93,"featured_media":241314,"comment_status":"closed","ping_status":"closed","sticky":false,"template":"","format":"standard","meta":{"footnotes":""},"categories":[59],"tags":[],"class_list":["post-241313","post","type-post","status-publish","format-standard","has-post-thumbnail","hentry","category-general"],"_links":{"self":[{"href":"https:\/\/plazajuarez.mx\/historico\/wp-json\/wp\/v2\/posts\/241313","targetHints":{"allow":["GET"]}}],"collection":[{"href":"https:\/\/plazajuarez.mx\/historico\/wp-json\/wp\/v2\/posts"}],"about":[{"href":"https:\/\/plazajuarez.mx\/historico\/wp-json\/wp\/v2\/types\/post"}],"author":[{"embeddable":true,"href":"https:\/\/plazajuarez.mx\/historico\/wp-json\/wp\/v2\/users\/93"}],"replies":[{"embeddable":true,"href":"https:\/\/plazajuarez.mx\/historico\/wp-json\/wp\/v2\/comments?post=241313"}],"version-history":[{"count":0,"href":"https:\/\/plazajuarez.mx\/historico\/wp-json\/wp\/v2\/posts\/241313\/revisions"}],"wp:featuredmedia":[{"embeddable":true,"href":"https:\/\/plazajuarez.mx\/historico\/wp-json\/wp\/v2\/media\/241314"}],"wp:attachment":[{"href":"https:\/\/plazajuarez.mx\/historico\/wp-json\/wp\/v2\/media?parent=241313"}],"wp:term":[{"taxonomy":"category","embeddable":true,"href":"https:\/\/plazajuarez.mx\/historico\/wp-json\/wp\/v2\/categories?post=241313"},{"taxonomy":"post_tag","embeddable":true,"href":"https:\/\/plazajuarez.mx\/historico\/wp-json\/wp\/v2\/tags?post=241313"}],"curies":[{"name":"wp","href":"https:\/\/api.w.org\/{rel}","templated":true}]}}