{"id":24115,"date":"2016-07-04T12:02:16","date_gmt":"2016-07-04T12:02:16","guid":{"rendered":"http:\/\/plazajuarez.mx\/index\/index.php\/2016\/07\/04\/alfredo-bejos-exhorta-para-que-el-recorte-no-afecte-al-estado\/"},"modified":"2016-07-04T12:02:16","modified_gmt":"2016-07-04T12:02:16","slug":"alfredo-bejos-exhorta-para-que-el-recorte-no-afecte-al-estado","status":"publish","type":"post","link":"https:\/\/plazajuarez.mx\/historico\/alfredo-bejos-exhorta-para-que-el-recorte-no-afecte-al-estado\/","title":{"rendered":"Alfredo Bejos exhorta para que el recorte no afecte al Estado"},"content":{"rendered":"<p>SE BUSCAR\u00c1 PRESENTAR PROPUESTAS VIABLES\u00a0\u00a0 <br \/>\u25cf\u00a0\u00a0\u00a0 Aunque apunt\u00f3 que el recorte se har\u00e1 en todos los estados de la rep\u00fablica, espera que Hidalgo no se pueda ver tan afectado y que al menos se maneje el mismo presupuesto sin tratar de incrementarlo<\/p>\n<p>  <!--more-->  <\/p>\n<p>El diputado federal, Alfredo Bejos Nicol\u00e1s, exhortar\u00e1 para que el recorte presupuestal anunciado por el Secretario de Hacienda y Cr\u00e9dito P\u00fablico, Luis Videgaray Caso, no afecte a la entidad, una vez que sea anunciado en qu\u00e9 rubros se habr\u00e1 de reducir costos para este periodo.<br \/>Aunque apunt\u00f3 que el recorte se har\u00e1 en todos los estados de la rep\u00fablica, espera que Hidalgo no se pueda ver tan afectado y que al menos se maneje el mismo presupuesto sin tratar de incrementarlo, lo que podr\u00eda influir en el crecimiento de algunos programas sociales, m\u00e1s no en su funcionamiento.<br \/>Al respecto, el diputado hidalguense se\u00f1al\u00f3 que se buscar\u00e1 financiamiento para proyectos de calidad y que sean necesarios, adem\u00e1s de apostarle a la cultura, el deporte y el turismo con propuestas viables y al alcance.<br \/>En otro tema, el integrante de la LXIII Legislatura ha presentado distintas iniciativas ante el congreso general, de la cuales resalta el proyecto de decreto que reforma los art\u00edculos 6\u00ba y Cuadrag\u00e9simo Tercero Transitorio de la Ley del Instituto de Seguridad y Servicios Sociales de los Trabajadores del Estado. <br \/>La finalidad, coment\u00f3, es otorgarles seguridad social desde el primer d\u00eda de labores a los trabajadores temporales, los incluidos en las listas de raya y quienes perciban su salario por honorarios.<br \/>Adem\u00e1s, como punto de acuerdo, exhort\u00f3 a la Secretar\u00eda de Medio Ambiente y Recursos Naturales, as\u00ed como gobernadores, presidentes municipales y \u00e1reas relacionadas, a ejecutar acciones para erradicar los incendios forestales y mitigar sus consecuencias.<br \/>Asegur\u00f3 que se deben tomar acciones conjuntas para disminuir la incidencia de siniestros forestales en el territorio nacional e informar a la soberan\u00eda dichas acciones; mencion\u00f3 que se debe dise\u00f1ar una estrategia conjunta de colaboraci\u00f3n para enfrentar la temporada de estiaje y en consecuencia de incendios forestales en el territorio nacional.<\/p>\n","protected":false},"excerpt":{"rendered":"<p>SE BUSCAR\u00c1 PRESENTAR PROPUESTAS VIABLES\u00a0\u00a0 \u25cf\u00a0\u00a0\u00a0 Aunque apunt\u00f3 que el recorte se har\u00e1 en todos los estados de la rep\u00fablica, espera que Hidalgo no se pueda ver tan afectado y que al menos se maneje el mismo presupuesto sin tratar de incrementarlo<\/p>\n","protected":false},"author":93,"featured_media":0,"comment_status":"open","ping_status":"open","sticky":false,"template":"","format":"standard","meta":{"footnotes":""},"categories":[59],"tags":[],"class_list":["post-24115","post","type-post","status-publish","format-standard","hentry","category-general"],"_links":{"self":[{"href":"https:\/\/plazajuarez.mx\/historico\/wp-json\/wp\/v2\/posts\/24115","targetHints":{"allow":["GET"]}}],"collection":[{"href":"https:\/\/plazajuarez.mx\/historico\/wp-json\/wp\/v2\/posts"}],"about":[{"href":"https:\/\/plazajuarez.mx\/historico\/wp-json\/wp\/v2\/types\/post"}],"author":[{"embeddable":true,"href":"https:\/\/plazajuarez.mx\/historico\/wp-json\/wp\/v2\/users\/93"}],"replies":[{"embeddable":true,"href":"https:\/\/plazajuarez.mx\/historico\/wp-json\/wp\/v2\/comments?post=24115"}],"version-history":[{"count":0,"href":"https:\/\/plazajuarez.mx\/historico\/wp-json\/wp\/v2\/posts\/24115\/revisions"}],"wp:attachment":[{"href":"https:\/\/plazajuarez.mx\/historico\/wp-json\/wp\/v2\/media?parent=24115"}],"wp:term":[{"taxonomy":"category","embeddable":true,"href":"https:\/\/plazajuarez.mx\/historico\/wp-json\/wp\/v2\/categories?post=24115"},{"taxonomy":"post_tag","embeddable":true,"href":"https:\/\/plazajuarez.mx\/historico\/wp-json\/wp\/v2\/tags?post=24115"}],"curies":[{"name":"wp","href":"https:\/\/api.w.org\/{rel}","templated":true}]}}