{"id":24109,"date":"2016-07-03T14:50:32","date_gmt":"2016-07-03T14:50:32","guid":{"rendered":"http:\/\/plazajuarez.mx\/index\/index.php\/2016\/07\/03\/muere-el-poeta-frances-yves-bonnefoy\/"},"modified":"2016-07-03T14:50:32","modified_gmt":"2016-07-03T14:50:32","slug":"muere-el-poeta-frances-yves-bonnefoy","status":"publish","type":"post","link":"https:\/\/plazajuarez.mx\/historico\/muere-el-poeta-frances-yves-bonnefoy\/","title":{"rendered":"Muere el poeta franc\u00e9s Yves Bonnefoy"},"content":{"rendered":"<p>A LOS 93 A\u00d1OS\u00a0\u00a0 <br \/>\u25cf\u00a0\u00a0\u00a0 Candidato en diversas ocasiones al Premio Nobel de Literatura, Bonnefoy era un convencido de la importancia de la poes\u00eda\u00a0\u00a0\u00a0\u00a0<\/p>\n<p>  <!--more-->  <\/p>\n<p>Yves Bonnefoy, cr\u00edtico literario, ensayista, traductor y poeta franc\u00e9s que en 2013 fue galardonado con el Premio FIL de Literatura en Lenguas Romances que concede la Feria Internacional del Libro de Guadalajara, falleci\u00f3 este viernes a los 93 a\u00f1os en Par\u00eds, de acuerdo con medios franceses. <br \/>Candidato en diversas ocasiones al Premio Nobel de Literatura, Bonnefoy era un convencido de la importancia de la poes\u00eda, g\u00e9nero que tiene el potencial de &#8220;formular la verdad&#8221; y crear una tierra que sea humana y &#8220;po\u00e9ticamente habitable&#8221; como expres\u00f3 en su visita a M\u00e9xico hace tres a\u00f1os. <br \/>Bonnefoy es autor de libros como &#8221; El territorio interior&#8221;, y buena parte de su poes\u00eda fue reunida en M\u00e9xico por Ediciones Revista Vuelta. Junto a su obra po\u00e9tica tuvo un papel trascendental la escritura de arte; Bonnefoy era especialista en el surrealismo, y en la obra de artistas como Francisco de Goya y en la de Alberto Giacometti. \u00a0\u00a0\u00a0 \u00a0\u00a0\u00a0<\/p>\n","protected":false},"excerpt":{"rendered":"<p>A LOS 93 A\u00d1OS\u00a0\u00a0 \u25cf\u00a0\u00a0\u00a0 Candidato en diversas ocasiones al Premio Nobel de Literatura, Bonnefoy era un convencido de la importancia de la poes\u00eda\u00a0\u00a0\u00a0\u00a0<\/p>\n","protected":false},"author":93,"featured_media":0,"comment_status":"open","ping_status":"open","sticky":false,"template":"","format":"standard","meta":{"footnotes":""},"categories":[41],"tags":[],"class_list":["post-24109","post","type-post","status-publish","format-standard","hentry","category-arteria-cultural"],"_links":{"self":[{"href":"https:\/\/plazajuarez.mx\/historico\/wp-json\/wp\/v2\/posts\/24109","targetHints":{"allow":["GET"]}}],"collection":[{"href":"https:\/\/plazajuarez.mx\/historico\/wp-json\/wp\/v2\/posts"}],"about":[{"href":"https:\/\/plazajuarez.mx\/historico\/wp-json\/wp\/v2\/types\/post"}],"author":[{"embeddable":true,"href":"https:\/\/plazajuarez.mx\/historico\/wp-json\/wp\/v2\/users\/93"}],"replies":[{"embeddable":true,"href":"https:\/\/plazajuarez.mx\/historico\/wp-json\/wp\/v2\/comments?post=24109"}],"version-history":[{"count":0,"href":"https:\/\/plazajuarez.mx\/historico\/wp-json\/wp\/v2\/posts\/24109\/revisions"}],"wp:attachment":[{"href":"https:\/\/plazajuarez.mx\/historico\/wp-json\/wp\/v2\/media?parent=24109"}],"wp:term":[{"taxonomy":"category","embeddable":true,"href":"https:\/\/plazajuarez.mx\/historico\/wp-json\/wp\/v2\/categories?post=24109"},{"taxonomy":"post_tag","embeddable":true,"href":"https:\/\/plazajuarez.mx\/historico\/wp-json\/wp\/v2\/tags?post=24109"}],"curies":[{"name":"wp","href":"https:\/\/api.w.org\/{rel}","templated":true}]}}