{"id":24108,"date":"2016-07-03T14:50:19","date_gmt":"2016-07-03T14:50:19","guid":{"rendered":"http:\/\/plazajuarez.mx\/index\/index.php\/2016\/07\/03\/muestran-pinturas-basadas-en-el-quijote\/"},"modified":"2016-07-03T14:50:19","modified_gmt":"2016-07-03T14:50:19","slug":"muestran-pinturas-basadas-en-el-quijote","status":"publish","type":"post","link":"https:\/\/plazajuarez.mx\/historico\/muestran-pinturas-basadas-en-el-quijote\/","title":{"rendered":"Muestran pinturas basadas en El Quijote"},"content":{"rendered":"<p>INVITA A LEER LA NOVELA <br \/>\u25cf\u00a0\u00a0\u00a0 Exposici\u00f3n El Quijote, la locura de vivir, en el marco de los 400 a\u00f1os del fallecimiento de Miguel de Cervantes Saavedra<\/p>\n<p>  <!--more-->  <\/p>\n<p>En el marco de los 400 a\u00f1os del fallecimiento de Miguel de Cervantes Saavedra, se present\u00f3 la exposici\u00f3n El Quijote, la locura de vivir, que tiene como objetivo invitar a leer la novela del escritor espa\u00f1ol. <br \/>La muestra se compone de 15 \u00f3leos de la pintora Ima Montoya, quien explic\u00f3 que pretende generar un reencuentro con el texto de Cervantes: \u201cUn libro que desde el punto de vista de un chico de 18 a\u00f1os es un ladrillo, no es un ladrillo, es un libro atemporal que trata el miedo a enfrentarte a lo desconocido, trata del amor, la locura, temas que son universales y que siguen vigentes\u201d. <br \/>En una de las pinturas se aprecia a un Quijote golpeado, mientras que en otra est\u00e1 un Sancho Panza en las mismas circunstancias, ambas piezas est\u00e1n unidas a un tercer cuadro que remite a la sangre. \u201cParece una ficha policial, esto lo va a entender un tipo de 50 a\u00f1os y un chaval de 18 a\u00f1os, que le han dado porque es un bocazas. Puedes sentir cierta afinidad por peleas o por gente que has conocido, al final es esa afinidad de que El Quijote no est\u00e1 tan lejano\u201d, indic\u00f3. <br \/>Ima Montoya confes\u00f3 que represent\u00f3 lo que m\u00e1s le gusta de la obra: \u201cPrimero, sentido del humor, ser capaces de re\u00edrnos de nosotros mismos, re\u00edrnos de algo que est\u00e1 institucionalizado. Segundo, la locura, el mundo terrenal, la libertad y luego el amor, estar enamorado, por eso puse el espejo. Lo que quiero es que seamos una Dulcinea o un Dulcineo\u201d. <br \/>En la inauguraci\u00f3n, la noche del mi\u00e9rcoles pasado, estuvo Alejandro Carrillo, consejero de la Fundaci\u00f3n UNAM, quien dijo que en algunas pinturas hay unas gr\u00faas de construcci\u00f3n, que son una especie de met\u00e1fora hacia los molinos de viento a los que se enfrenta Don Quijote: \u201cAhora son grandes construcciones industriales que tambi\u00e9n est\u00e1n generando una problem\u00e1tica muy grave, sobre todo cuando dejan de generar empleos y, sin embargo, est\u00e1 la figura del Quijote, de todos nosotros, representada en el hombre que est\u00e1 hasta arriba de estas estructuras\u201d. <br \/>LA MUESTRA SE COMPONE DE 15 \u00d3LEOS DE LA PINTORA IMA MONTOYA, QUIEN EXPLIC\u00d3 QUE PRETENDE GENERAR UN REENCUENTRO CON EL TEXTO DE CERVANTES<\/p>\n","protected":false},"excerpt":{"rendered":"<p>INVITA A LEER LA NOVELA \u25cf\u00a0\u00a0\u00a0 Exposici\u00f3n El Quijote, la locura de vivir, en el marco de los 400 a\u00f1os del fallecimiento de Miguel de Cervantes Saavedra<\/p>\n","protected":false},"author":93,"featured_media":0,"comment_status":"open","ping_status":"open","sticky":false,"template":"","format":"standard","meta":{"footnotes":""},"categories":[41],"tags":[],"class_list":["post-24108","post","type-post","status-publish","format-standard","hentry","category-arteria-cultural"],"_links":{"self":[{"href":"https:\/\/plazajuarez.mx\/historico\/wp-json\/wp\/v2\/posts\/24108","targetHints":{"allow":["GET"]}}],"collection":[{"href":"https:\/\/plazajuarez.mx\/historico\/wp-json\/wp\/v2\/posts"}],"about":[{"href":"https:\/\/plazajuarez.mx\/historico\/wp-json\/wp\/v2\/types\/post"}],"author":[{"embeddable":true,"href":"https:\/\/plazajuarez.mx\/historico\/wp-json\/wp\/v2\/users\/93"}],"replies":[{"embeddable":true,"href":"https:\/\/plazajuarez.mx\/historico\/wp-json\/wp\/v2\/comments?post=24108"}],"version-history":[{"count":0,"href":"https:\/\/plazajuarez.mx\/historico\/wp-json\/wp\/v2\/posts\/24108\/revisions"}],"wp:attachment":[{"href":"https:\/\/plazajuarez.mx\/historico\/wp-json\/wp\/v2\/media?parent=24108"}],"wp:term":[{"taxonomy":"category","embeddable":true,"href":"https:\/\/plazajuarez.mx\/historico\/wp-json\/wp\/v2\/categories?post=24108"},{"taxonomy":"post_tag","embeddable":true,"href":"https:\/\/plazajuarez.mx\/historico\/wp-json\/wp\/v2\/tags?post=24108"}],"curies":[{"name":"wp","href":"https:\/\/api.w.org\/{rel}","templated":true}]}}