{"id":24106,"date":"2016-07-03T14:47:57","date_gmt":"2016-07-03T14:47:57","guid":{"rendered":"http:\/\/plazajuarez.mx\/index\/index.php\/2016\/07\/03\/banda-ms-dice-que-ataque-fue-contra-el-genero-banda\/"},"modified":"2016-07-03T14:47:57","modified_gmt":"2016-07-03T14:47:57","slug":"banda-ms-dice-que-ataque-fue-contra-el-genero-banda","status":"publish","type":"post","link":"https:\/\/plazajuarez.mx\/historico\/banda-ms-dice-que-ataque-fue-contra-el-genero-banda\/","title":{"rendered":"Banda MS dice que ataque fue contra el g\u00e9nero banda"},"content":{"rendered":"<p>ARTERA AGRESI\u00d3N A VOCALISTA\u00a0 <br \/>\u25cf\u00a0\u00a0\u00a0 En conferencia de prensa ofrecida ayer en la tarde, dos miembros de la agrupaci\u00f3n confirmaron que Ram\u00edrez no sufri\u00f3 da\u00f1os en sus cuerdas vocales, est\u00e1 consciente y se ha comunicado con ellos a trav\u00e9s del celular, ya que por indicaciones m\u00e9dicas no puede hablar durante los pr\u00f3ximos tres d\u00edas<\/p>\n<p>  <!--more-->  <\/p>\n<p>Alan Ram\u00edrez, vocalista de la Banda MS se encuentra estable luego del ataque que sufri\u00f3 la madrugada del s\u00e1bado a las afueras de un hotel en Polanco, en la Ciudad de M\u00e9xico. <br \/>En conferencia de prensa ofrecida ayer en la tarde, dos miembros de la agrupaci\u00f3n confirmaron que Ram\u00edrez no sufri\u00f3 da\u00f1os en sus cuerdas vocales, est\u00e1 consciente y se ha comunicado con ellos a trav\u00e9s del celular, ya que por indicaciones m\u00e9dicas no puede hablar durante los pr\u00f3ximos tres d\u00edas. <br \/>Acerca del motivo de la agresi\u00f3n, los m\u00fasicos se\u00f1alaron que no se trat\u00f3 de un ataque hacia MS, sino hacia la m\u00fasica de banda: \u201cSabemos que hay mucha gente que no est\u00e1 de acuerdo con que el g\u00e9nero salga adelante\u201d. <br \/>Sin embargo, no descartaron que se haya tratado de un asunto de \u201cfanatismo\u201d, es decir, de alguna seguidora \u201cenamorada\u201d de Alan. <br \/>Reiteraron que no tienen nada vergonzoso que ocultar e incluso aseguraron que su equipo de seguridad no porta armas. <br \/>Asimismo confirmaron que su gira en Estados Unidos sigue en pie.<\/p>\n","protected":false},"excerpt":{"rendered":"<p>ARTERA AGRESI\u00d3N A VOCALISTA\u00a0 \u25cf\u00a0\u00a0\u00a0 En conferencia de prensa ofrecida ayer en la tarde, dos miembros de la agrupaci\u00f3n confirmaron que Ram\u00edrez no sufri\u00f3 da\u00f1os en sus cuerdas vocales, est\u00e1 consciente y se ha comunicado con ellos a trav\u00e9s del celular, ya que por indicaciones m\u00e9dicas no puede hablar durante los pr\u00f3ximos tres d\u00edas<\/p>\n","protected":false},"author":93,"featured_media":0,"comment_status":"open","ping_status":"open","sticky":false,"template":"","format":"standard","meta":{"footnotes":""},"categories":[38],"tags":[],"class_list":["post-24106","post","type-post","status-publish","format-standard","hentry","category-show"],"_links":{"self":[{"href":"https:\/\/plazajuarez.mx\/historico\/wp-json\/wp\/v2\/posts\/24106","targetHints":{"allow":["GET"]}}],"collection":[{"href":"https:\/\/plazajuarez.mx\/historico\/wp-json\/wp\/v2\/posts"}],"about":[{"href":"https:\/\/plazajuarez.mx\/historico\/wp-json\/wp\/v2\/types\/post"}],"author":[{"embeddable":true,"href":"https:\/\/plazajuarez.mx\/historico\/wp-json\/wp\/v2\/users\/93"}],"replies":[{"embeddable":true,"href":"https:\/\/plazajuarez.mx\/historico\/wp-json\/wp\/v2\/comments?post=24106"}],"version-history":[{"count":0,"href":"https:\/\/plazajuarez.mx\/historico\/wp-json\/wp\/v2\/posts\/24106\/revisions"}],"wp:attachment":[{"href":"https:\/\/plazajuarez.mx\/historico\/wp-json\/wp\/v2\/media?parent=24106"}],"wp:term":[{"taxonomy":"category","embeddable":true,"href":"https:\/\/plazajuarez.mx\/historico\/wp-json\/wp\/v2\/categories?post=24106"},{"taxonomy":"post_tag","embeddable":true,"href":"https:\/\/plazajuarez.mx\/historico\/wp-json\/wp\/v2\/tags?post=24106"}],"curies":[{"name":"wp","href":"https:\/\/api.w.org\/{rel}","templated":true}]}}