{"id":2407,"date":"2015-03-18T06:00:00","date_gmt":"2015-03-18T06:00:00","guid":{"rendered":"http:\/\/plazajuarez.mx\/index\/index.php\/2015\/03\/18\/candidata-del-pri-reta-al-del-pan-a-debate-pero-este-no-asiste\/"},"modified":"2015-03-18T06:00:00","modified_gmt":"2015-03-18T06:00:00","slug":"candidata-del-pri-reta-al-del-pan-a-debate-pero-este-no-asiste","status":"publish","type":"post","link":"https:\/\/plazajuarez.mx\/historico\/candidata-del-pri-reta-al-del-pan-a-debate-pero-este-no-asiste\/","title":{"rendered":"Candidata del PRI, reta al del PAN a debate, pero \u00e9ste no asiste"},"content":{"rendered":"<p>La candidata del PRI a la gubernatura de Sonora, Claudia Pavlovich, ret\u00f3 a un debate p\u00fablico este martes al abanderado del PAN, Javier G\u00e1ndara, sin embargo, \u00e9ste no asisti\u00f3.\u00a0<\/p>\n<p>  <!--more-->  <\/p>\n<p>\u00a0<\/p>\n<p>Esto, luego de las acusaciones del presidente nacional de PAN, Gustavo Madero, que difundi\u00f3 un audio el pasado 10 de marzo donde se percibe presuntamente la voz del alcalde de Nogales, Ram\u00f3n Guzm\u00e1n, y el coordinador pol\u00edtico de la candidata tricolor, Enrique Claussen, hablando sobre desv\u00edo de recursos para beneficiar a Pavlovich Arellano. <br \/>Desde el viernes pasado, la aspirante del PRI lanz\u00f3 un v\u00eddeo para convocar la presencia del candidato este martes a las 10:00 horas en la Plaza Zaragoza donde ped\u00eda que se llevaran los documentos que &#8220;acrediten las injurias y calumnias que han pretendido hacer en mi contra; por mi parte, yo llevar\u00e9 todos los documentos que acreditan de lo que usted ha sido acusado, de peculado y de fraude&#8221;. <br \/>Con la frase &#8220;Evidencias, no palabras&#8221;, la candidata public\u00f3 en su cuenta de Twitter que &#8220;cada difamaci\u00f3n del PAN en mi contra deber\u00e1 probarla, es una pena que su candidato no haya acudido al reto&#8221;. <br \/>Por su parte, Javier G\u00e1ndara no ha respondido nada a la candidata del PRI.<\/p>\n","protected":false},"excerpt":{"rendered":"<p>La candidata del PRI a la gubernatura de Sonora, Claudia Pavlovich, ret\u00f3 a un debate p\u00fablico este martes al abanderado del PAN, Javier G\u00e1ndara, sin embargo, \u00e9ste no asisti\u00f3.\u00a0<\/p>\n","protected":false},"author":93,"featured_media":0,"comment_status":"open","ping_status":"open","sticky":false,"template":"","format":"standard","meta":{"footnotes":""},"categories":[36],"tags":[],"class_list":["post-2407","post","type-post","status-publish","format-standard","hentry","category-nacion"],"_links":{"self":[{"href":"https:\/\/plazajuarez.mx\/historico\/wp-json\/wp\/v2\/posts\/2407","targetHints":{"allow":["GET"]}}],"collection":[{"href":"https:\/\/plazajuarez.mx\/historico\/wp-json\/wp\/v2\/posts"}],"about":[{"href":"https:\/\/plazajuarez.mx\/historico\/wp-json\/wp\/v2\/types\/post"}],"author":[{"embeddable":true,"href":"https:\/\/plazajuarez.mx\/historico\/wp-json\/wp\/v2\/users\/93"}],"replies":[{"embeddable":true,"href":"https:\/\/plazajuarez.mx\/historico\/wp-json\/wp\/v2\/comments?post=2407"}],"version-history":[{"count":0,"href":"https:\/\/plazajuarez.mx\/historico\/wp-json\/wp\/v2\/posts\/2407\/revisions"}],"wp:attachment":[{"href":"https:\/\/plazajuarez.mx\/historico\/wp-json\/wp\/v2\/media?parent=2407"}],"wp:term":[{"taxonomy":"category","embeddable":true,"href":"https:\/\/plazajuarez.mx\/historico\/wp-json\/wp\/v2\/categories?post=2407"},{"taxonomy":"post_tag","embeddable":true,"href":"https:\/\/plazajuarez.mx\/historico\/wp-json\/wp\/v2\/tags?post=2407"}],"curies":[{"name":"wp","href":"https:\/\/api.w.org\/{rel}","templated":true}]}}