{"id":2406,"date":"2015-03-18T06:00:00","date_gmt":"2015-03-18T06:00:00","guid":{"rendered":"http:\/\/plazajuarez.mx\/index\/index.php\/2015\/03\/18\/empresarios-senalan-incremento-de-robos-en-edomex\/"},"modified":"2015-03-18T06:00:00","modified_gmt":"2015-03-18T06:00:00","slug":"empresarios-senalan-incremento-de-robos-en-edomex","status":"publish","type":"post","link":"https:\/\/plazajuarez.mx\/historico\/empresarios-senalan-incremento-de-robos-en-edomex\/","title":{"rendered":"Empresarios se\u00f1alan incremento de robos en Edomex"},"content":{"rendered":"<p>Hasta en 30% se incrementaron los robos a tiendas departamentales en el Estado de M\u00e9xico, as\u00ed como los asaltos y &#8220;cuotas&#8221; por el traslado y maniobras de descarga de mercanc\u00edas a polic\u00edas, por lo que empresarios pidieron seguridad, celeridad en el proceso de denuncia y erradicar pr\u00e1cticas de extorsi\u00f3n, inform\u00f3 Ra\u00fal Chaparro Romero, presidente de la Asociaci\u00f3n de Empresarios y Colonos del Estado de M\u00e9xico.<\/p>\n<p>  <!--more-->  <\/p>\n<p>Tiendas departamentales de una sola empresa registraron p\u00e9rdidas por 57 millones 805 mil pesos en 2013, monto que se elev\u00f3 a m\u00e1s de 73 millones 270 mil pesos en 2014; al tiempo que sus tiendas ubicadas en Naucalpan registraron 10 asaltos y un a\u00f1o despu\u00e9s esta cifra se triplic\u00f3; En Ecatepec pas\u00f3 de 60 a 79 asaltos; mientras que en Ixtapaluca pasaron de 26 a 44 robos, muchos de ellos con violencia. <br \/>Adem\u00e1s los asaltos a los camiones cargados con mercanc\u00edas en carreteras y avenidas del Estado de M\u00e9xico, tienen que ser custodiados por patrullas lo que incrementa hasta en 5% el precio de los productos, lament\u00f3 Ra\u00fal Chaparro Romero. <br \/>Los polic\u00edas se suman a la cadena de extorsi\u00f3n y robo, pues exigen cuotas a los camioneros y empresas para poder descargar mercanc\u00edas en municipios como Naucalpan, donde incluso los clientes que acuden a comprar muebles, son &#8220;sableados&#8221; por los oficiales argumentando que la zona no es de carga y descarga o que obstruyen la vialidad, se\u00f1al\u00f3 el dirigente de la ASECEM. <br \/>&#8220;No es posible que en el Estado de M\u00e9xico, tengamos que pagar cuotas para poder trabajar como sucede y afecta a los empresarios de estados como Michoac\u00e1n; queremos paso libre y seguro de mercanc\u00edas y personas&#8221;, reiter\u00f3 Chaparro Romero. <br \/>Para contribuir a mejorar la atenci\u00f3n y trabajo de investigaci\u00f3n de personal de la Procuradur\u00eda Mexiquense, empresarios que integran la ASECEM donar\u00e1n equipo de c\u00f3mputo &#8220;con la esperanza de reducir los tiempos en los Ministerios P\u00fablicos, donde perdemos cuatro, cinco o m\u00e1s horas, para que en un tiempo de 40 a 50 minutos puedan iniciar una carpeta de investigaci\u00f3n&#8221;.<\/p>\n","protected":false},"excerpt":{"rendered":"<p>Hasta en 30% se incrementaron los robos a tiendas departamentales en el Estado de M\u00e9xico, as\u00ed como los asaltos y &#8220;cuotas&#8221; por el traslado y maniobras de descarga de mercanc\u00edas a polic\u00edas, por lo que empresarios pidieron seguridad, celeridad en el proceso de denuncia y erradicar pr\u00e1cticas de extorsi\u00f3n, inform\u00f3 Ra\u00fal Chaparro Romero, presidente de [&hellip;]<\/p>\n","protected":false},"author":93,"featured_media":0,"comment_status":"open","ping_status":"open","sticky":false,"template":"","format":"standard","meta":{"footnotes":""},"categories":[36],"tags":[],"class_list":["post-2406","post","type-post","status-publish","format-standard","hentry","category-nacion"],"_links":{"self":[{"href":"https:\/\/plazajuarez.mx\/historico\/wp-json\/wp\/v2\/posts\/2406","targetHints":{"allow":["GET"]}}],"collection":[{"href":"https:\/\/plazajuarez.mx\/historico\/wp-json\/wp\/v2\/posts"}],"about":[{"href":"https:\/\/plazajuarez.mx\/historico\/wp-json\/wp\/v2\/types\/post"}],"author":[{"embeddable":true,"href":"https:\/\/plazajuarez.mx\/historico\/wp-json\/wp\/v2\/users\/93"}],"replies":[{"embeddable":true,"href":"https:\/\/plazajuarez.mx\/historico\/wp-json\/wp\/v2\/comments?post=2406"}],"version-history":[{"count":0,"href":"https:\/\/plazajuarez.mx\/historico\/wp-json\/wp\/v2\/posts\/2406\/revisions"}],"wp:attachment":[{"href":"https:\/\/plazajuarez.mx\/historico\/wp-json\/wp\/v2\/media?parent=2406"}],"wp:term":[{"taxonomy":"category","embeddable":true,"href":"https:\/\/plazajuarez.mx\/historico\/wp-json\/wp\/v2\/categories?post=2406"},{"taxonomy":"post_tag","embeddable":true,"href":"https:\/\/plazajuarez.mx\/historico\/wp-json\/wp\/v2\/tags?post=2406"}],"curies":[{"name":"wp","href":"https:\/\/api.w.org\/{rel}","templated":true}]}}