{"id":240549,"date":"2022-12-02T11:42:11","date_gmt":"2022-12-02T17:42:11","guid":{"rendered":"https:\/\/plazajuarez.mx\/?p=240549"},"modified":"2022-12-02T11:42:16","modified_gmt":"2022-12-02T17:42:16","slug":"promocion-para-ver-a-gloria-trevi","status":"publish","type":"post","link":"https:\/\/plazajuarez.mx\/historico\/promocion-para-ver-a-gloria-trevi\/","title":{"rendered":"Promoci\u00f3n para ver a Gloria Trevi"},"content":{"rendered":"\n<p>Con la finalidad de apoyar la econom\u00eda familiar de quienes desean asistir al concierto con causa de Gloria Trevi, programado para el 3 de diciembre en la Plaza de Toros Vicente Segura, el Sistema para el Desarrollo Integral de la Familia de Hidalgo (DIFH) lanza una promoci\u00f3n especial.<\/p>\n\n\n\n<p>La presidenta del Sistema DIF Hidalgo, Edda Vite Ramos, sensible a la causa que persigue el concierto como a la econom\u00eda de la poblaci\u00f3n, pidi\u00f3 dise\u00f1ar un plan que permita cumplir con ese doble prop\u00f3sito.<\/p>\n\n\n\n<p>Los \u00faltimos boletos de la zona de tendido de y barrera est\u00e1n al 2 por 1 para p\u00fablico en general.<\/p>\n\n\n\n<p>En tanto que para trabajadoras y trabajadores del gobierno estatal, habr\u00e1 facilidades de pago (hasta en cuatro quincenas v\u00eda n\u00f3mina, m\u00e1s informaci\u00f3n en la Oficial\u00eda Mayor o \u00e1rea administrativa de su dependencia).<\/p>\n\n\n\n<p>Del monto que se recaude con el concierto, un porcentaje importante ser\u00e1 destinado para remodelaci\u00f3n de la Casa de la Ni\u00f1a, as\u00ed como para la apertura de espacios recreativos, art\u00edsticos y deportivos para las ni\u00f1as, ni\u00f1os, adolescentes y personas adultas mayores, residentes de diferentes centros asistenciales.<\/p>\n\n\n\n<p>La gesti\u00f3n del Sistema DIF Hidalgo procur\u00f3 una tabla de precios accesibles que van desde 577.50 pesos en la zona general, mil 157 pesos en el primer tendido, 2 mil 310 pesos en la barrera y 2 mil 887.50&nbsp; en el \u00e1rea de ruedo.<\/p>\n\n\n\n<p>Los boletos est\u00e1n disponibles en: Restaurante La Borolas, Auditorio Gota de Plata, BC Shop, V\u00eda Dorada; los distintos CELMI de Plaza Ju\u00e1rez, Galer\u00edas e Independencia y la taquilla de la Plaza de Toros.&nbsp;<\/p>\n\n\n\n<p>Venta exclusiva para la promoci\u00f3n en la taquilla de la Plaza de Toros Vicente Segura.<\/p>\n","protected":false},"excerpt":{"rendered":"<p>Con la finalidad de apoyar la econom\u00eda familiar de quienes desean asistir al concierto con causa de Gloria Trevi, programado para el 3 de diciembre en la Plaza de Toros Vicente Segura, el Sistema para el Desarrollo Integral de la Familia de Hidalgo (DIFH) lanza una promoci\u00f3n especial. La presidenta del Sistema DIF Hidalgo, Edda [&hellip;]<\/p>\n","protected":false},"author":93,"featured_media":240550,"comment_status":"closed","ping_status":"closed","sticky":false,"template":"","format":"standard","meta":{"footnotes":""},"categories":[38],"tags":[],"class_list":["post-240549","post","type-post","status-publish","format-standard","has-post-thumbnail","hentry","category-show"],"_links":{"self":[{"href":"https:\/\/plazajuarez.mx\/historico\/wp-json\/wp\/v2\/posts\/240549","targetHints":{"allow":["GET"]}}],"collection":[{"href":"https:\/\/plazajuarez.mx\/historico\/wp-json\/wp\/v2\/posts"}],"about":[{"href":"https:\/\/plazajuarez.mx\/historico\/wp-json\/wp\/v2\/types\/post"}],"author":[{"embeddable":true,"href":"https:\/\/plazajuarez.mx\/historico\/wp-json\/wp\/v2\/users\/93"}],"replies":[{"embeddable":true,"href":"https:\/\/plazajuarez.mx\/historico\/wp-json\/wp\/v2\/comments?post=240549"}],"version-history":[{"count":0,"href":"https:\/\/plazajuarez.mx\/historico\/wp-json\/wp\/v2\/posts\/240549\/revisions"}],"wp:featuredmedia":[{"embeddable":true,"href":"https:\/\/plazajuarez.mx\/historico\/wp-json\/wp\/v2\/media\/240550"}],"wp:attachment":[{"href":"https:\/\/plazajuarez.mx\/historico\/wp-json\/wp\/v2\/media?parent=240549"}],"wp:term":[{"taxonomy":"category","embeddable":true,"href":"https:\/\/plazajuarez.mx\/historico\/wp-json\/wp\/v2\/categories?post=240549"},{"taxonomy":"post_tag","embeddable":true,"href":"https:\/\/plazajuarez.mx\/historico\/wp-json\/wp\/v2\/tags?post=240549"}],"curies":[{"name":"wp","href":"https:\/\/api.w.org\/{rel}","templated":true}]}}