{"id":240543,"date":"2022-12-02T11:38:10","date_gmt":"2022-12-02T17:38:10","guid":{"rendered":"https:\/\/plazajuarez.mx\/?p=240543"},"modified":"2022-12-02T11:38:15","modified_gmt":"2022-12-02T17:38:15","slug":"roban-patrulla-de-la-policia-escapa-uno-y-atrapan-a-otro","status":"publish","type":"post","link":"https:\/\/plazajuarez.mx\/historico\/roban-patrulla-de-la-policia-escapa-uno-y-atrapan-a-otro\/","title":{"rendered":"Roban patrulla de la polic\u00eda, escapa uno y atrapan a otro"},"content":{"rendered":"\n<p>Otro robo de patrulla se registran en el municipio de Tula de Allende donde dos individuos aprovecharon el descuido de un oficial que descendi\u00f3 de la unidad video pegadas las llaves para apoderarse del veh\u00edculo y escapar, sin embargo luego de un operativo se logr\u00f3 la recuperaci\u00f3n del automotor y se logr\u00f3 el aseguramiento de uno de los dos involucrados.<\/p>\n\n\n\n<p>Los hechos se registraron en la Colonia San Andr\u00e9s del municipio antes referido, luego de que un oficial manejaba una patrulla perteneciente a la Secretar\u00eda de Seguridad P\u00fablica de Tula, mismo que descendi\u00f3 para verificar dar apoyo en la feria patronal que se est\u00e1 realizando en ese lugar.<\/p>\n\n\n\n<p>Dicha acci\u00f3n fue aprovechada por dos hombres que subieron a la patrulla la arrancaron y escaparon en ella.&nbsp;<\/p>\n\n\n\n<p>El oficial al detectar qu\u00e9&nbsp; los individuos se llevaban la unidad, de manera inmediata pidi\u00f3 apoyo v\u00eda radio y varias patrullas implementaron un operativo que permiti\u00f3 la localizaci\u00f3n del veh\u00edculo oficial.<\/p>\n\n\n\n<p>Finalmente los oficiales lograron recuperar la patrulla y detener a uno de ellos quien se identific\u00f3 con las iniciales B.B.P.A de 26 a\u00f1os de edad.<\/p>\n","protected":false},"excerpt":{"rendered":"<p>Otro robo de patrulla se registran en el municipio de Tula de Allende donde dos individuos aprovecharon el descuido de un oficial que descendi\u00f3 de la unidad video pegadas las llaves para apoderarse del veh\u00edculo y escapar, sin embargo luego de un operativo se logr\u00f3 la recuperaci\u00f3n del automotor y se logr\u00f3 el aseguramiento de [&hellip;]<\/p>\n","protected":false},"author":93,"featured_media":240544,"comment_status":"closed","ping_status":"closed","sticky":false,"template":"","format":"standard","meta":{"footnotes":""},"categories":[37],"tags":[],"class_list":["post-240543","post","type-post","status-publish","format-standard","has-post-thumbnail","hentry","category-barandilla"],"_links":{"self":[{"href":"https:\/\/plazajuarez.mx\/historico\/wp-json\/wp\/v2\/posts\/240543","targetHints":{"allow":["GET"]}}],"collection":[{"href":"https:\/\/plazajuarez.mx\/historico\/wp-json\/wp\/v2\/posts"}],"about":[{"href":"https:\/\/plazajuarez.mx\/historico\/wp-json\/wp\/v2\/types\/post"}],"author":[{"embeddable":true,"href":"https:\/\/plazajuarez.mx\/historico\/wp-json\/wp\/v2\/users\/93"}],"replies":[{"embeddable":true,"href":"https:\/\/plazajuarez.mx\/historico\/wp-json\/wp\/v2\/comments?post=240543"}],"version-history":[{"count":0,"href":"https:\/\/plazajuarez.mx\/historico\/wp-json\/wp\/v2\/posts\/240543\/revisions"}],"wp:featuredmedia":[{"embeddable":true,"href":"https:\/\/plazajuarez.mx\/historico\/wp-json\/wp\/v2\/media\/240544"}],"wp:attachment":[{"href":"https:\/\/plazajuarez.mx\/historico\/wp-json\/wp\/v2\/media?parent=240543"}],"wp:term":[{"taxonomy":"category","embeddable":true,"href":"https:\/\/plazajuarez.mx\/historico\/wp-json\/wp\/v2\/categories?post=240543"},{"taxonomy":"post_tag","embeddable":true,"href":"https:\/\/plazajuarez.mx\/historico\/wp-json\/wp\/v2\/tags?post=240543"}],"curies":[{"name":"wp","href":"https:\/\/api.w.org\/{rel}","templated":true}]}}