{"id":240540,"date":"2022-12-02T11:36:14","date_gmt":"2022-12-02T17:36:14","guid":{"rendered":"https:\/\/plazajuarez.mx\/?p=240540"},"modified":"2022-12-02T11:36:20","modified_gmt":"2022-12-02T17:36:20","slug":"denunciaron-la-desaparicion-de-dos-mujeres-una-es-menor-de-edad","status":"publish","type":"post","link":"https:\/\/plazajuarez.mx\/historico\/denunciaron-la-desaparicion-de-dos-mujeres-una-es-menor-de-edad\/","title":{"rendered":"Denunciaron la desaparici\u00f3n de dos mujeres una es menor de edad"},"content":{"rendered":"\n<p>Durante las \u00faltimas horas en la Procuradur\u00eda General de Justicia del estado de Hidalgo, se denunci\u00f3 la desaparici\u00f3n de dos mujeres en los municipios de Tizayuca y Pachuca, una de ellas es menor de edad.<\/p>\n\n\n\n<p>Por ello se activ\u00f3 una Ficha de B\u00fasqueda con la finalidad de localizar a Nanyeli Viridiana de la Cruz Garc\u00eda de 17 a\u00f1os de edad, a quien se le vio por \u00faltima vez en Tizayuca el 28 de noviembre de 2022 y desde entonces se desconoce su paradero.<\/p>\n\n\n\n<p>As\u00ed mismo, en la capital hidalguense, se pide ayuda para dar con el paradero de Rosenda Yoselin Escalona Ruiz de 41 a\u00f1os de edad, qui\u00e9n est\u00e1 desaparecida desde el pasado primero de octubre del a\u00f1o en curso, el por lo que al momento se le considera como a una persona no localizada.<\/p>\n","protected":false},"excerpt":{"rendered":"<p>Durante las \u00faltimas horas en la Procuradur\u00eda General de Justicia del estado de Hidalgo, se denunci\u00f3 la desaparici\u00f3n de dos mujeres en los municipios de Tizayuca y Pachuca, una de ellas es menor de edad. Por ello se activ\u00f3 una Ficha de B\u00fasqueda con la finalidad de localizar a Nanyeli Viridiana de la Cruz Garc\u00eda [&hellip;]<\/p>\n","protected":false},"author":93,"featured_media":240541,"comment_status":"closed","ping_status":"closed","sticky":false,"template":"","format":"standard","meta":{"footnotes":""},"categories":[37],"tags":[],"class_list":["post-240540","post","type-post","status-publish","format-standard","has-post-thumbnail","hentry","category-barandilla"],"_links":{"self":[{"href":"https:\/\/plazajuarez.mx\/historico\/wp-json\/wp\/v2\/posts\/240540","targetHints":{"allow":["GET"]}}],"collection":[{"href":"https:\/\/plazajuarez.mx\/historico\/wp-json\/wp\/v2\/posts"}],"about":[{"href":"https:\/\/plazajuarez.mx\/historico\/wp-json\/wp\/v2\/types\/post"}],"author":[{"embeddable":true,"href":"https:\/\/plazajuarez.mx\/historico\/wp-json\/wp\/v2\/users\/93"}],"replies":[{"embeddable":true,"href":"https:\/\/plazajuarez.mx\/historico\/wp-json\/wp\/v2\/comments?post=240540"}],"version-history":[{"count":0,"href":"https:\/\/plazajuarez.mx\/historico\/wp-json\/wp\/v2\/posts\/240540\/revisions"}],"wp:featuredmedia":[{"embeddable":true,"href":"https:\/\/plazajuarez.mx\/historico\/wp-json\/wp\/v2\/media\/240541"}],"wp:attachment":[{"href":"https:\/\/plazajuarez.mx\/historico\/wp-json\/wp\/v2\/media?parent=240540"}],"wp:term":[{"taxonomy":"category","embeddable":true,"href":"https:\/\/plazajuarez.mx\/historico\/wp-json\/wp\/v2\/categories?post=240540"},{"taxonomy":"post_tag","embeddable":true,"href":"https:\/\/plazajuarez.mx\/historico\/wp-json\/wp\/v2\/tags?post=240540"}],"curies":[{"name":"wp","href":"https:\/\/api.w.org\/{rel}","templated":true}]}}