{"id":240537,"date":"2022-12-02T11:34:53","date_gmt":"2022-12-02T17:34:53","guid":{"rendered":"https:\/\/plazajuarez.mx\/?p=240537"},"modified":"2022-12-02T11:34:59","modified_gmt":"2022-12-02T17:34:59","slug":"pgjh-logra-sentencia-de-50-anos-de-prision-a-un-secuestrador","status":"publish","type":"post","link":"https:\/\/plazajuarez.mx\/historico\/pgjh-logra-sentencia-de-50-anos-de-prision-a-un-secuestrador\/","title":{"rendered":"PGJH logra sentencia de 50 a\u00f1os de prisi\u00f3n a un secuestrador"},"content":{"rendered":"\n<p>La UECS aport\u00f3 pruebas suficientes para que la autoridad judicial dictara sentencia de 50 a\u00f1os de prisi\u00f3n para responsable de secuestro agravado<\/p>\n\n\n\n<p>La Unidad Especializada en el Combate al Secuestro (UECS), present\u00f3 suficientes medios de prueba para que un tribunal de enjuiciamiento dictara sentencia de 50 a\u00f1os de prisi\u00f3n para una persona que result\u00f3 responsable de secuestro agravado, ocurrido en el Valle del Mezquital.&nbsp;<\/p>\n\n\n\n<p>Los hechos que dieron origen a la investigaci\u00f3n por secuestro agravado, ocurrieron en Ixmiquilpan el pasado 20 de septiembre, cuando la v\u00edctima dej\u00f3 de tener contacto con sus familiares, quienes m\u00e1s tarde recibieron mensajes mediante los que les exig\u00edan el pago de dinero en efectivo a cambio de la libertad de la v\u00edctima.<\/p>\n\n\n\n<p>Derivado de lo ocurrido, se dio aviso a la unidad antisecuestros de Hidalgo, personal que de inmediato inici\u00f3 con las pesquisas mientras un equipo multidisciplinario brind\u00f3 acompa\u00f1amiento necesario a las v\u00edctimas indirectas.&nbsp;&nbsp;<\/p>\n\n\n\n<p>Como resultado del operativo en menci\u00f3n, el personal de la UECS detuvo en flagrancia a Miguel \u00c1ngel \u201cV\u201d, quien fue puesto a disposici\u00f3n de la autoridad judicial, ante la que se le formul\u00f3 imputaci\u00f3n.<\/p>\n\n\n\n<p>Una vez que esta representaci\u00f3n social obtuvo la vinculaci\u00f3n a proceso del imputado, se agotaron todas las etapas del proceso penal, hasta que se prob\u00f3 plenamente la responsabilidad del ahora sentenciado, en hechos que la ley se\u00f1ala como secuestro agravado.<\/p>\n","protected":false},"excerpt":{"rendered":"<p>La UECS aport\u00f3 pruebas suficientes para que la autoridad judicial dictara sentencia de 50 a\u00f1os de prisi\u00f3n para responsable de secuestro agravado La Unidad Especializada en el Combate al Secuestro (UECS), present\u00f3 suficientes medios de prueba para que un tribunal de enjuiciamiento dictara sentencia de 50 a\u00f1os de prisi\u00f3n para una persona que result\u00f3 responsable [&hellip;]<\/p>\n","protected":false},"author":93,"featured_media":240538,"comment_status":"closed","ping_status":"closed","sticky":false,"template":"","format":"standard","meta":{"footnotes":""},"categories":[37],"tags":[],"class_list":["post-240537","post","type-post","status-publish","format-standard","has-post-thumbnail","hentry","category-barandilla"],"_links":{"self":[{"href":"https:\/\/plazajuarez.mx\/historico\/wp-json\/wp\/v2\/posts\/240537","targetHints":{"allow":["GET"]}}],"collection":[{"href":"https:\/\/plazajuarez.mx\/historico\/wp-json\/wp\/v2\/posts"}],"about":[{"href":"https:\/\/plazajuarez.mx\/historico\/wp-json\/wp\/v2\/types\/post"}],"author":[{"embeddable":true,"href":"https:\/\/plazajuarez.mx\/historico\/wp-json\/wp\/v2\/users\/93"}],"replies":[{"embeddable":true,"href":"https:\/\/plazajuarez.mx\/historico\/wp-json\/wp\/v2\/comments?post=240537"}],"version-history":[{"count":0,"href":"https:\/\/plazajuarez.mx\/historico\/wp-json\/wp\/v2\/posts\/240537\/revisions"}],"wp:featuredmedia":[{"embeddable":true,"href":"https:\/\/plazajuarez.mx\/historico\/wp-json\/wp\/v2\/media\/240538"}],"wp:attachment":[{"href":"https:\/\/plazajuarez.mx\/historico\/wp-json\/wp\/v2\/media?parent=240537"}],"wp:term":[{"taxonomy":"category","embeddable":true,"href":"https:\/\/plazajuarez.mx\/historico\/wp-json\/wp\/v2\/categories?post=240537"},{"taxonomy":"post_tag","embeddable":true,"href":"https:\/\/plazajuarez.mx\/historico\/wp-json\/wp\/v2\/tags?post=240537"}],"curies":[{"name":"wp","href":"https:\/\/api.w.org\/{rel}","templated":true}]}}