{"id":240534,"date":"2022-12-02T09:44:43","date_gmt":"2022-12-02T15:44:43","guid":{"rendered":"https:\/\/plazajuarez.mx\/?p=240534"},"modified":"2022-12-02T09:44:50","modified_gmt":"2022-12-02T15:44:50","slug":"anuncian-nueva-ubicacion-en-el-bazar-navideno","status":"publish","type":"post","link":"https:\/\/plazajuarez.mx\/historico\/anuncian-nueva-ubicacion-en-el-bazar-navideno\/","title":{"rendered":"Anuncian nueva ubicaci\u00f3n en el Bazar Navide\u00f1o\u00a0"},"content":{"rendered":"\n<p><strong>Tizayuca<\/strong>.- El Ayuntamiento de Tizayuca anunci\u00f3 que el tradicional Bazar Navide\u00f1o, estar\u00e1 en una nueva ubicaci\u00f3n, ahora ser\u00e1 situado en la calle de Allende a un costado de la presidencia municipal, los comerciantes estar\u00e1n desde el 3 de diciembre hasta el 7 de enero cuando concluyen con la venta de juguetes.\u00a0<\/p>\n\n\n\n<p>Cabe destacar que es la primera vez que cambian a los comerciantes, ya que anteriormente estaban en un costado de la plaza Himno Nacional en pleno centro, donde se colocaban a vender.&nbsp;<\/p>\n\n\n\n<p>Susana \u00c1ngeles Quezada, inform\u00f3 que el personal del \u00e1rea de Reglamentos tiene contacto directo con los vendedores, para evitar intermediarios y el personal de la Secretar\u00eda de Obras P\u00fablicas, lleva el acondicionamiento del espacio p\u00fablico donde estar\u00e1n colocados los vendedores.&nbsp;<\/p>\n\n\n\n<p>El bazar contar\u00e1 con 215 espacios de tres por tres metros cada uno y a la fecha a\u00fan hay una disponibilidad de 95 plazas para los comerciantes interesados en formar parte de esta actividad decembrina.<\/p>\n","protected":false},"excerpt":{"rendered":"<p>Tizayuca.- El Ayuntamiento de Tizayuca anunci\u00f3 que el tradicional Bazar Navide\u00f1o, estar\u00e1 en una nueva ubicaci\u00f3n, ahora ser\u00e1 situado en la calle de Allende a un costado de la presidencia municipal, los comerciantes estar\u00e1n desde el 3 de diciembre hasta el 7 de enero cuando concluyen con la venta de juguetes.\u00a0 Cabe destacar que es [&hellip;]<\/p>\n","protected":false},"author":78,"featured_media":240535,"comment_status":"closed","ping_status":"closed","sticky":false,"template":"","format":"standard","meta":{"footnotes":""},"categories":[2159,40],"tags":[],"class_list":["post-240534","post","type-post","status-publish","format-standard","has-post-thumbnail","hentry","category-noticias-de-hidalgo","category-region"],"_links":{"self":[{"href":"https:\/\/plazajuarez.mx\/historico\/wp-json\/wp\/v2\/posts\/240534","targetHints":{"allow":["GET"]}}],"collection":[{"href":"https:\/\/plazajuarez.mx\/historico\/wp-json\/wp\/v2\/posts"}],"about":[{"href":"https:\/\/plazajuarez.mx\/historico\/wp-json\/wp\/v2\/types\/post"}],"author":[{"embeddable":true,"href":"https:\/\/plazajuarez.mx\/historico\/wp-json\/wp\/v2\/users\/78"}],"replies":[{"embeddable":true,"href":"https:\/\/plazajuarez.mx\/historico\/wp-json\/wp\/v2\/comments?post=240534"}],"version-history":[{"count":0,"href":"https:\/\/plazajuarez.mx\/historico\/wp-json\/wp\/v2\/posts\/240534\/revisions"}],"wp:featuredmedia":[{"embeddable":true,"href":"https:\/\/plazajuarez.mx\/historico\/wp-json\/wp\/v2\/media\/240535"}],"wp:attachment":[{"href":"https:\/\/plazajuarez.mx\/historico\/wp-json\/wp\/v2\/media?parent=240534"}],"wp:term":[{"taxonomy":"category","embeddable":true,"href":"https:\/\/plazajuarez.mx\/historico\/wp-json\/wp\/v2\/categories?post=240534"},{"taxonomy":"post_tag","embeddable":true,"href":"https:\/\/plazajuarez.mx\/historico\/wp-json\/wp\/v2\/tags?post=240534"}],"curies":[{"name":"wp","href":"https:\/\/api.w.org\/{rel}","templated":true}]}}