{"id":240530,"date":"2022-12-02T09:43:28","date_gmt":"2022-12-02T15:43:28","guid":{"rendered":"https:\/\/plazajuarez.mx\/?p=240530"},"modified":"2022-12-02T09:43:34","modified_gmt":"2022-12-02T15:43:34","slug":"estudiantes-del-cbtis-59-participaran-en-evento-internacional","status":"publish","type":"post","link":"https:\/\/plazajuarez.mx\/historico\/estudiantes-del-cbtis-59-participaran-en-evento-internacional\/","title":{"rendered":"Estudiantes del CBTis 59, participar\u00e1n en evento internacional"},"content":{"rendered":"\n<p>Tepeapulco.- Cuatro estudiantes del Cbtis 59, de Ciudad Sahag\u00fan, fueron invitados a participar en el evento internacional \u201cCOMPANY OF THE YEAR\u201d, a efectuarse en Guatemala.<\/p>\n\n\n\n<p>Al dar a conocer la informaci\u00f3n de la participaci\u00f3n de estos estudiantes, el director del CBTis 59, Jos\u00e9 Raymundo Mu\u00f1oz Islas, detall\u00f3 que estos cuatro estudiantes de las carreras de Log\u00edstica y de Recursos Humanos, fueron invitados a participar en este evento internacional, por desarrollar su empresa como \u201cNOPALIFE\u201d, con la cual obtuvieron importantes logros tanto en los concursos estatales y nacionales.<\/p>\n\n\n\n<p>El director mencion\u00f3 que el pasado mes de febrero, un equipo de estudiantes de la especialidad de Log\u00edstica y Recursos Humanos, participaron en el programa llamado \u201cEmprendedores y Empresarios\u201d, del Junior Achievement de M\u00e9xico, en el cual desarrollaron diversas actividades correspondientes al desarrollo de una PyME.<\/p>\n\n\n\n<p>Mu\u00f1oz Islas, dijo que estos estudiantes tuvieron a bien el crear un impermeabilizante, a base de nopal, y adem\u00e1s desarrollaron todas las \u00e1reas de una organizaci\u00f3n empresarial, al igual que sus funciones enfocadas al producto antes mencionado.<\/p>\n\n\n\n<p>Fueron seis meses de arduo trabajo y de competir contra escuelas de nivel medio y superior, tanto del estado y del pa\u00eds, no obstante, por su esfuerzo y dedicaci\u00f3n obtuvieron el reconocimiento como empresa del a\u00f1o.<\/p>\n\n\n\n<p>Los estudiantes que asistir\u00e1n son: Brandon Zaid Ram\u00edrez Espinosa, Katye Guti\u00e9rrez Cruz, F\u00e1tima Monta\u00f1o Galicia, Juan Manuel Guti\u00e9rrez Alpizar, todos ellos ser\u00e1n acompa\u00f1ados por la coordinadora del programa dentro del plantel, Yanin Gabriela Morales Cabrera.<\/p>\n","protected":false},"excerpt":{"rendered":"<p>Tepeapulco.- Cuatro estudiantes del Cbtis 59, de Ciudad Sahag\u00fan, fueron invitados a participar en el evento internacional \u201cCOMPANY OF THE YEAR\u201d, a efectuarse en Guatemala. Al dar a conocer la informaci\u00f3n de la participaci\u00f3n de estos estudiantes, el director del CBTis 59, Jos\u00e9 Raymundo Mu\u00f1oz Islas, detall\u00f3 que estos cuatro estudiantes de las carreras de [&hellip;]<\/p>\n","protected":false},"author":69,"featured_media":240531,"comment_status":"closed","ping_status":"closed","sticky":false,"template":"","format":"standard","meta":{"footnotes":""},"categories":[2159,40],"tags":[],"class_list":["post-240530","post","type-post","status-publish","format-standard","has-post-thumbnail","hentry","category-noticias-de-hidalgo","category-region"],"_links":{"self":[{"href":"https:\/\/plazajuarez.mx\/historico\/wp-json\/wp\/v2\/posts\/240530","targetHints":{"allow":["GET"]}}],"collection":[{"href":"https:\/\/plazajuarez.mx\/historico\/wp-json\/wp\/v2\/posts"}],"about":[{"href":"https:\/\/plazajuarez.mx\/historico\/wp-json\/wp\/v2\/types\/post"}],"author":[{"embeddable":true,"href":"https:\/\/plazajuarez.mx\/historico\/wp-json\/wp\/v2\/users\/69"}],"replies":[{"embeddable":true,"href":"https:\/\/plazajuarez.mx\/historico\/wp-json\/wp\/v2\/comments?post=240530"}],"version-history":[{"count":0,"href":"https:\/\/plazajuarez.mx\/historico\/wp-json\/wp\/v2\/posts\/240530\/revisions"}],"wp:featuredmedia":[{"embeddable":true,"href":"https:\/\/plazajuarez.mx\/historico\/wp-json\/wp\/v2\/media\/240531"}],"wp:attachment":[{"href":"https:\/\/plazajuarez.mx\/historico\/wp-json\/wp\/v2\/media?parent=240530"}],"wp:term":[{"taxonomy":"category","embeddable":true,"href":"https:\/\/plazajuarez.mx\/historico\/wp-json\/wp\/v2\/categories?post=240530"},{"taxonomy":"post_tag","embeddable":true,"href":"https:\/\/plazajuarez.mx\/historico\/wp-json\/wp\/v2\/tags?post=240530"}],"curies":[{"name":"wp","href":"https:\/\/api.w.org\/{rel}","templated":true}]}}