{"id":240524,"date":"2022-12-02T09:35:28","date_gmt":"2022-12-02T15:35:28","guid":{"rendered":"https:\/\/plazajuarez.mx\/?p=240524"},"modified":"2022-12-02T09:35:34","modified_gmt":"2022-12-02T15:35:34","slug":"sacan-a-la-calle-oficinas-de-alcaldia-no-cederan-a-presiones","status":"publish","type":"post","link":"https:\/\/plazajuarez.mx\/historico\/sacan-a-la-calle-oficinas-de-alcaldia-no-cederan-a-presiones\/","title":{"rendered":"Sacan a la calle oficinas de alcald\u00eda; no ceder\u00e1n a presiones\u00a0"},"content":{"rendered":"\n<p>Alfajayucan.- La presidencia municipal de Alfajayucan puso en la v\u00eda p\u00fablica sus oficinas para brindar servicio a la poblaci\u00f3n, debido a que sus instalaciones, contin\u00faan tomadas por vecinos de la comunidad de La Nopalera, quienes exigen la liberaci\u00f3n de dos personas de esta localidad, detenidos por el robo de una patrulla en el mes de septiembre.\u00a0<\/p>\n\n\n\n<p>De acuerdo a la presidencia municipal, la manifestaci\u00f3n ha puesto en riesgo temas de obra p\u00fablica, debido a que no se ha podido subir a plataformas expedientes y documentaci\u00f3n urgente, asimismo, las escuelas est\u00e1n afectadas por la falta de distribuci\u00f3n de desayunos escolares.&nbsp;<\/p>\n\n\n\n<p>Ayer, la presidencia municipal sac\u00f3 a la calle algunas oficinas para brindar atenci\u00f3n al p\u00fablico, entre ello, registro civil, catastro, seguridad p\u00fablica, entre otras, adem\u00e1s de realizarse brigadas para recolecci\u00f3n de basura en las calles.&nbsp;<\/p>\n\n\n\n<p>La presidencia inform\u00f3 que no ceder\u00e1 a la petici\u00f3n que hacen los pobladores de permitir la liberaci\u00f3n y retiro de cargos contra dos personas de la comunidad, entre ellos el delegado municipal, Ra\u00fal \u201cN\u201d e Ismael \u201cN\u201d.<\/p>\n","protected":false},"excerpt":{"rendered":"<p>Alfajayucan.- La presidencia municipal de Alfajayucan puso en la v\u00eda p\u00fablica sus oficinas para brindar servicio a la poblaci\u00f3n, debido a que sus instalaciones, contin\u00faan tomadas por vecinos de la comunidad de La Nopalera, quienes exigen la liberaci\u00f3n de dos personas de esta localidad, detenidos por el robo de una patrulla en el mes de [&hellip;]<\/p>\n","protected":false},"author":75,"featured_media":240525,"comment_status":"closed","ping_status":"closed","sticky":false,"template":"","format":"standard","meta":{"footnotes":""},"categories":[2159,40],"tags":[],"class_list":["post-240524","post","type-post","status-publish","format-standard","has-post-thumbnail","hentry","category-noticias-de-hidalgo","category-region"],"_links":{"self":[{"href":"https:\/\/plazajuarez.mx\/historico\/wp-json\/wp\/v2\/posts\/240524","targetHints":{"allow":["GET"]}}],"collection":[{"href":"https:\/\/plazajuarez.mx\/historico\/wp-json\/wp\/v2\/posts"}],"about":[{"href":"https:\/\/plazajuarez.mx\/historico\/wp-json\/wp\/v2\/types\/post"}],"author":[{"embeddable":true,"href":"https:\/\/plazajuarez.mx\/historico\/wp-json\/wp\/v2\/users\/75"}],"replies":[{"embeddable":true,"href":"https:\/\/plazajuarez.mx\/historico\/wp-json\/wp\/v2\/comments?post=240524"}],"version-history":[{"count":0,"href":"https:\/\/plazajuarez.mx\/historico\/wp-json\/wp\/v2\/posts\/240524\/revisions"}],"wp:featuredmedia":[{"embeddable":true,"href":"https:\/\/plazajuarez.mx\/historico\/wp-json\/wp\/v2\/media\/240525"}],"wp:attachment":[{"href":"https:\/\/plazajuarez.mx\/historico\/wp-json\/wp\/v2\/media?parent=240524"}],"wp:term":[{"taxonomy":"category","embeddable":true,"href":"https:\/\/plazajuarez.mx\/historico\/wp-json\/wp\/v2\/categories?post=240524"},{"taxonomy":"post_tag","embeddable":true,"href":"https:\/\/plazajuarez.mx\/historico\/wp-json\/wp\/v2\/tags?post=240524"}],"curies":[{"name":"wp","href":"https:\/\/api.w.org\/{rel}","templated":true}]}}