{"id":240518,"date":"2022-12-02T09:28:08","date_gmt":"2022-12-02T15:28:08","guid":{"rendered":"https:\/\/plazajuarez.mx\/?p=240518"},"modified":"2022-12-02T09:28:14","modified_gmt":"2022-12-02T15:28:14","slug":"anuncian-programa-la-navidad-del-pueblo","status":"publish","type":"post","link":"https:\/\/plazajuarez.mx\/historico\/anuncian-programa-la-navidad-del-pueblo\/","title":{"rendered":"Anuncian programa \u201cLa Navidad del pueblo\u201d"},"content":{"rendered":"\n<p>Con el objetivo de brindar a la poblaci\u00f3n una gama de actividades art\u00edstico-culturales, ayer fue anunciado, a trav\u00e9s de redes sociales, el programa decembrino \u201cLa Navidad del Pueblo\u201d que se llevar\u00e1 a cabo del uno al 23 de diciembre, impulsado por la Secretar\u00eda de Cultura y el Sistema para el Desarrollo Integral de la Familia (DIF) Hidalgo.<\/p>\n\n\n\n<p>La cartelera contempla m\u00e1s de 23 actividades a realizarse en el Centro Cultural del Ferrocarril del dos al 10 de diciembre, entre las que destacan: pastorelas, cuentos navide\u00f1os, conciertos, muestras de artesanos, talleres de elaboraci\u00f3n de esferas y pi\u00f1atas.<\/p>\n\n\n\n<p>Por su parte, la Escuela de M\u00fasica del Estado de Hidalgo (EMEH) tendr\u00e1 28 actividades entre las que destacan: recitales de cursos de extensi\u00f3n, presentaciones de libros, muestras acad\u00e9micas, y m\u00e1s; mientras que el Centro de las Artes de Hidalgo, albergar\u00e1&nbsp; del uno al 14 de diciembre presentaciones art\u00edsticas, talleres y conciertos en los que participar\u00e1n m\u00e1s de 600 ni\u00f1as y ni\u00f1os en compa\u00f1\u00eda de aproximadamente 100 docentes.&nbsp;&nbsp;<\/p>\n\n\n\n<p>El programa navide\u00f1o incluye dos magnos conciertos para la poblaci\u00f3n, el primero ser\u00e1 el nueve de diciembre a las 18:00 horas en el Teatro San Francisco y el segundo est\u00e1 cargo de la Orquesta Sinf\u00f3nica del Estado de Hidalgo, que presentar\u00e1 \u201cEl Cascanueces\u201d el 14 de diciembre en el Teatro San Francisco, en Pachuca, con entrada gratuita para ni\u00f1as y ni\u00f1os.&nbsp;<\/p>\n\n\n\n<p>Cabe destacar que hoy&nbsp; se realizar\u00e1 el encendido de luces en el Centro Cultural del Ferrocarril en punto de las 18:30 horas, posteriormente ser\u00e1 la presentaci\u00f3n musical del Ensamble Acani as\u00ed como la pastorela c\u00f3mica \u201cUn tuzo pa\u00b4Bel\u00e9n\u201d de la compa\u00f1\u00eda Hidra Teatro.&nbsp;<\/p>\n\n\n\n<p>En lo que concierne a la Secretar\u00eda de Cultura de Hidalgo, ofrecer\u00e1 32 actividades decembrinas como pastorelas, cuentacuentos, conciertos y talleres en los ochos centros culturales regionales ubicados en Emiliano Zapata, Huejutla, Huichapan, Ixmiquilpan, Mineral del Monte, Tepeapulco, Zacualtip\u00e1n y Zimap\u00e1n.<\/p>\n\n\n\n<p>De igual forma trabajar\u00e1 en conjunto con los municipios de Actopan, Apan, Atotonilco el Grande, Chapulhuac\u00e1n, Mineral del Monte, Mixquiahuala, Tizayuca, Tlahuelilpan, Tolcayuca, Tula de Allende y Villa de Tezontepec, para ofrecer 15 actividades art\u00edsticas y culturales, por lo que prev\u00e9n la movilidad de artistas hidalguenses en la entidad.<\/p>\n","protected":false},"excerpt":{"rendered":"<p>Con el objetivo de brindar a la poblaci\u00f3n una gama de actividades art\u00edstico-culturales, ayer fue anunciado, a trav\u00e9s de redes sociales, el programa decembrino \u201cLa Navidad del Pueblo\u201d que se llevar\u00e1 a cabo del uno al 23 de diciembre, impulsado por la Secretar\u00eda de Cultura y el Sistema para el Desarrollo Integral de la Familia [&hellip;]<\/p>\n","protected":false},"author":72,"featured_media":240519,"comment_status":"closed","ping_status":"closed","sticky":false,"template":"","format":"standard","meta":{"footnotes":""},"categories":[59,2159],"tags":[],"class_list":["post-240518","post","type-post","status-publish","format-standard","has-post-thumbnail","hentry","category-general","category-noticias-de-hidalgo"],"_links":{"self":[{"href":"https:\/\/plazajuarez.mx\/historico\/wp-json\/wp\/v2\/posts\/240518","targetHints":{"allow":["GET"]}}],"collection":[{"href":"https:\/\/plazajuarez.mx\/historico\/wp-json\/wp\/v2\/posts"}],"about":[{"href":"https:\/\/plazajuarez.mx\/historico\/wp-json\/wp\/v2\/types\/post"}],"author":[{"embeddable":true,"href":"https:\/\/plazajuarez.mx\/historico\/wp-json\/wp\/v2\/users\/72"}],"replies":[{"embeddable":true,"href":"https:\/\/plazajuarez.mx\/historico\/wp-json\/wp\/v2\/comments?post=240518"}],"version-history":[{"count":0,"href":"https:\/\/plazajuarez.mx\/historico\/wp-json\/wp\/v2\/posts\/240518\/revisions"}],"wp:featuredmedia":[{"embeddable":true,"href":"https:\/\/plazajuarez.mx\/historico\/wp-json\/wp\/v2\/media\/240519"}],"wp:attachment":[{"href":"https:\/\/plazajuarez.mx\/historico\/wp-json\/wp\/v2\/media?parent=240518"}],"wp:term":[{"taxonomy":"category","embeddable":true,"href":"https:\/\/plazajuarez.mx\/historico\/wp-json\/wp\/v2\/categories?post=240518"},{"taxonomy":"post_tag","embeddable":true,"href":"https:\/\/plazajuarez.mx\/historico\/wp-json\/wp\/v2\/tags?post=240518"}],"curies":[{"name":"wp","href":"https:\/\/api.w.org\/{rel}","templated":true}]}}