{"id":240376,"date":"2022-12-01T07:22:00","date_gmt":"2022-12-01T13:22:00","guid":{"rendered":"https:\/\/plazajuarez.mx\/?p=240376"},"modified":"2022-12-01T09:23:57","modified_gmt":"2022-12-01T15:23:57","slug":"circula-foto-de-chucky-lozano-captada-por-reportero-del-diario-plaza-juarez","status":"publish","type":"post","link":"https:\/\/plazajuarez.mx\/historico\/circula-foto-de-chucky-lozano-captada-por-reportero-del-diario-plaza-juarez\/","title":{"rendered":"Circula foto de \u201cChucky\u201d Lozano, captada por reportero del Diario Plaza Ju\u00e1rez"},"content":{"rendered":"\n<p>Tulancingo de Bravo, Hgo.- Como sucediera en el mundial pasado, Rusia 2018, tras el triunfo de M\u00e9xico sobre Alemania en el partido inaugural de los nacionales, estos d\u00edas ha circulado nuevamente una fotograf\u00eda de Hirving \u201cChucky\u201d Lozano, realizada por nuestro reportero Jes\u00fas Riveros Mart\u00ednez, hace aproximadamente 12 a\u00f1os, cuando el delantero jug\u00f3 para Titanes Tulancingo, en la segunda divisi\u00f3n.<\/p>\n\n\n\n<p>Dicha fotograf\u00eda ha sido compartida por medios locales, estatales y nacionales, con el mensaje principal de que \u201clos sue\u00f1os se hacen realidad\u201d, en referencia a que Hirving Lozano pas\u00f3 de jugar en Tulancingo, a ser parte fundamental de la Selecci\u00f3n Nacional en dos mundiales de futbol.<\/p>\n\n\n\n<p>La foto en cuesti\u00f3n fue tomada por nuestro reportero Jes\u00fas Riveros Mart\u00ednez, corresponsal de este medio de comunicaci\u00f3n en la regi\u00f3n de Tulancingo desde el 2008.<\/p>\n\n\n\n<p>Fue en un partido disputado en el estadio Primero de Mayo donde se tom\u00f3 la gr\u00e1fica, en la que Lozano conduce el bal\u00f3n ante la marcaci\u00f3n de un rival.<\/p>\n\n\n\n<p>El partido fue en la temporada 2010 \u2013 2011 de la Segunda Divisi\u00f3n Premier, cuando los Titanes de Tulancingo, que en ese entonces pertenec\u00edan al Grupo Pachuca, lograron el primero de dos campeonatos consecutivos.<\/p>\n\n\n\n<p>La imagen de nuestro corresponsal, le ha dado la vuelta al mundo como un antes y un despu\u00e9s, de uno de los referentes de la Selecci\u00f3n Mexicana, que lamentablemente qued\u00f3 fuera del mundial de Qatar 2022, ayer.<\/p>\n","protected":false},"excerpt":{"rendered":"<p>Tulancingo de Bravo, Hgo.- Como sucediera en el mundial pasado, Rusia 2018, tras el triunfo de M\u00e9xico sobre Alemania en el partido inaugural de los nacionales, estos d\u00edas ha circulado nuevamente una fotograf\u00eda de Hirving \u201cChucky\u201d Lozano, realizada por nuestro reportero Jes\u00fas Riveros Mart\u00ednez, hace aproximadamente 12 a\u00f1os, cuando el delantero jug\u00f3 para Titanes Tulancingo, [&hellip;]<\/p>\n","protected":false},"author":70,"featured_media":240377,"comment_status":"closed","ping_status":"closed","sticky":false,"template":"","format":"standard","meta":{"footnotes":""},"categories":[15,2159,40],"tags":[],"class_list":["post-240376","post","type-post","status-publish","format-standard","has-post-thumbnail","hentry","category-destacadas","category-noticias-de-hidalgo","category-region"],"_links":{"self":[{"href":"https:\/\/plazajuarez.mx\/historico\/wp-json\/wp\/v2\/posts\/240376","targetHints":{"allow":["GET"]}}],"collection":[{"href":"https:\/\/plazajuarez.mx\/historico\/wp-json\/wp\/v2\/posts"}],"about":[{"href":"https:\/\/plazajuarez.mx\/historico\/wp-json\/wp\/v2\/types\/post"}],"author":[{"embeddable":true,"href":"https:\/\/plazajuarez.mx\/historico\/wp-json\/wp\/v2\/users\/70"}],"replies":[{"embeddable":true,"href":"https:\/\/plazajuarez.mx\/historico\/wp-json\/wp\/v2\/comments?post=240376"}],"version-history":[{"count":0,"href":"https:\/\/plazajuarez.mx\/historico\/wp-json\/wp\/v2\/posts\/240376\/revisions"}],"wp:featuredmedia":[{"embeddable":true,"href":"https:\/\/plazajuarez.mx\/historico\/wp-json\/wp\/v2\/media\/240377"}],"wp:attachment":[{"href":"https:\/\/plazajuarez.mx\/historico\/wp-json\/wp\/v2\/media?parent=240376"}],"wp:term":[{"taxonomy":"category","embeddable":true,"href":"https:\/\/plazajuarez.mx\/historico\/wp-json\/wp\/v2\/categories?post=240376"},{"taxonomy":"post_tag","embeddable":true,"href":"https:\/\/plazajuarez.mx\/historico\/wp-json\/wp\/v2\/tags?post=240376"}],"curies":[{"name":"wp","href":"https:\/\/api.w.org\/{rel}","templated":true}]}}