{"id":240357,"date":"2022-12-01T09:10:48","date_gmt":"2022-12-01T15:10:48","guid":{"rendered":"https:\/\/plazajuarez.mx\/?p=240357"},"modified":"2022-12-01T09:10:54","modified_gmt":"2022-12-01T15:10:54","slug":"inauguran-albergue-para-la-ninez-y-adolescencia-migrante","status":"publish","type":"post","link":"https:\/\/plazajuarez.mx\/historico\/inauguran-albergue-para-la-ninez-y-adolescencia-migrante\/","title":{"rendered":"Inauguran albergue para la ni\u00f1ez y adolescencia migrante\u00a0\u00a0"},"content":{"rendered":"\n<p>Como parte del proyecto de \u201cFortalecimiento para la atenci\u00f3n de ni\u00f1as, ni\u00f1os y adolescentes migrantes\u201d en Pachuca Edda Vite, presidenta del Sistema DIF Hidalgo y Ra\u00fal Yassin Jim\u00e9nez, director general de la Coordinaci\u00f3n y Fomento a Pol\u00edticas para la Infancia, Familias y Poblaci\u00f3n en Situaci\u00f3n de Vulnerabilidad del Sistema Nacional DIF; inauguraron el Albergue para la Ni\u00f1ez y Adolescencia Migrante Acompa\u00f1ada y No Acompa\u00f1ada.<\/p>\n\n\n\n<p>Durante su intervenci\u00f3n Edda Vite refrend\u00f3 el compromiso del Sistema DIFH para salvaguardar la integridad de las y los migrantes que transiten el estado en su b\u00fasqueda de oportunidades.<\/p>\n\n\n\n<p>Subray\u00f3 que el albergue atender\u00e1 a ni\u00f1as, ni\u00f1os y j\u00f3venes en las modalidades \u201cacompa\u00f1ada y no acompa\u00f1ada\u201d, con el fin de proteger el inter\u00e9s superior de la ni\u00f1ez como respuesta a un fen\u00f3meno multidimensional donde se ven implicadas las infancias.<\/p>\n\n\n\n<p>\u201cNos comprometemos a ofrecer tratos dignos, humanitarios y libres de discriminaci\u00f3n en su alojamiento temporal en las instalaciones de este albergue. Al final de cuentas todos somos seres humanos y vivimos en un solo planeta. Los ni\u00f1os no dejan de ser ni\u00f1os nazcan donde nazcan. Son ni\u00f1os, son j\u00f3venes vulnerables y tenemos que darles todo el apoyo\u201d, expres\u00f3 Edda Vite.<\/p>\n","protected":false},"excerpt":{"rendered":"<p>Como parte del proyecto de \u201cFortalecimiento para la atenci\u00f3n de ni\u00f1as, ni\u00f1os y adolescentes migrantes\u201d en Pachuca Edda Vite, presidenta del Sistema DIF Hidalgo y Ra\u00fal Yassin Jim\u00e9nez, director general de la Coordinaci\u00f3n y Fomento a Pol\u00edticas para la Infancia, Familias y Poblaci\u00f3n en Situaci\u00f3n de Vulnerabilidad del Sistema Nacional DIF; inauguraron el Albergue para [&hellip;]<\/p>\n","protected":false},"author":93,"featured_media":240358,"comment_status":"closed","ping_status":"closed","sticky":false,"template":"","format":"standard","meta":{"footnotes":""},"categories":[59],"tags":[],"class_list":["post-240357","post","type-post","status-publish","format-standard","has-post-thumbnail","hentry","category-general"],"_links":{"self":[{"href":"https:\/\/plazajuarez.mx\/historico\/wp-json\/wp\/v2\/posts\/240357","targetHints":{"allow":["GET"]}}],"collection":[{"href":"https:\/\/plazajuarez.mx\/historico\/wp-json\/wp\/v2\/posts"}],"about":[{"href":"https:\/\/plazajuarez.mx\/historico\/wp-json\/wp\/v2\/types\/post"}],"author":[{"embeddable":true,"href":"https:\/\/plazajuarez.mx\/historico\/wp-json\/wp\/v2\/users\/93"}],"replies":[{"embeddable":true,"href":"https:\/\/plazajuarez.mx\/historico\/wp-json\/wp\/v2\/comments?post=240357"}],"version-history":[{"count":0,"href":"https:\/\/plazajuarez.mx\/historico\/wp-json\/wp\/v2\/posts\/240357\/revisions"}],"wp:featuredmedia":[{"embeddable":true,"href":"https:\/\/plazajuarez.mx\/historico\/wp-json\/wp\/v2\/media\/240358"}],"wp:attachment":[{"href":"https:\/\/plazajuarez.mx\/historico\/wp-json\/wp\/v2\/media?parent=240357"}],"wp:term":[{"taxonomy":"category","embeddable":true,"href":"https:\/\/plazajuarez.mx\/historico\/wp-json\/wp\/v2\/categories?post=240357"},{"taxonomy":"post_tag","embeddable":true,"href":"https:\/\/plazajuarez.mx\/historico\/wp-json\/wp\/v2\/tags?post=240357"}],"curies":[{"name":"wp","href":"https:\/\/api.w.org\/{rel}","templated":true}]}}