{"id":240354,"date":"2022-12-01T09:09:17","date_gmt":"2022-12-01T15:09:17","guid":{"rendered":"https:\/\/plazajuarez.mx\/?p=240354"},"modified":"2022-12-01T09:09:21","modified_gmt":"2022-12-01T15:09:21","slug":"en-la-seph-imparten-taller-de-inteligencia-emocional","status":"publish","type":"post","link":"https:\/\/plazajuarez.mx\/historico\/en-la-seph-imparten-taller-de-inteligencia-emocional\/","title":{"rendered":"En la SEPH, imparten Taller de Inteligencia Emocional\u00a0"},"content":{"rendered":"\n<p>Con el objetivo de fortalecer, enriquecer y apoyar la labor docente, considerando los aspectos relacionados con el desarrollo emocional de las y los alumnos, la Secretar\u00eda de Educaci\u00f3n P\u00fablica de Hidalgo (SEPH) llev\u00f3 a cabo el Taller de Inteligencia Emocional en la Educaci\u00f3n B\u00e1sica, regi\u00f3n Pachuca.&nbsp;<\/p>\n\n\n\n<p>Al presidir el evento, el secretario de Educaci\u00f3n P\u00fablica de Hidalgo, Natividad Castrej\u00f3n Valdez, detall\u00f3 que una actividad como \u00e9sta es un valioso espacio para conocer, difundir e intercambiar informaci\u00f3n y experiencias sobre las estrategias que pueden y deben impulsarse desde las aulas escolares, para que las y los estudiantes se conozcan y reconozcan como seres individuales con caracter\u00edsticas propias, pero dise\u00f1ados para convivir y compartir en la colectividad.<\/p>\n\n\n\n<p>Puntualiz\u00f3 que el gobernador Julio Menchaca Salazar confirma el compromiso de realizar todo el esfuerzo necesario para que cada escuela cuente con los recursos al alcance, y lleve a cabo su fundamental labor en las mejores condiciones posibles.<\/p>\n","protected":false},"excerpt":{"rendered":"<p>Con el objetivo de fortalecer, enriquecer y apoyar la labor docente, considerando los aspectos relacionados con el desarrollo emocional de las y los alumnos, la Secretar\u00eda de Educaci\u00f3n P\u00fablica de Hidalgo (SEPH) llev\u00f3 a cabo el Taller de Inteligencia Emocional en la Educaci\u00f3n B\u00e1sica, regi\u00f3n Pachuca.&nbsp; Al presidir el evento, el secretario de Educaci\u00f3n P\u00fablica [&hellip;]<\/p>\n","protected":false},"author":93,"featured_media":240355,"comment_status":"closed","ping_status":"closed","sticky":false,"template":"","format":"standard","meta":{"footnotes":""},"categories":[59,2159],"tags":[],"class_list":["post-240354","post","type-post","status-publish","format-standard","has-post-thumbnail","hentry","category-general","category-noticias-de-hidalgo"],"_links":{"self":[{"href":"https:\/\/plazajuarez.mx\/historico\/wp-json\/wp\/v2\/posts\/240354","targetHints":{"allow":["GET"]}}],"collection":[{"href":"https:\/\/plazajuarez.mx\/historico\/wp-json\/wp\/v2\/posts"}],"about":[{"href":"https:\/\/plazajuarez.mx\/historico\/wp-json\/wp\/v2\/types\/post"}],"author":[{"embeddable":true,"href":"https:\/\/plazajuarez.mx\/historico\/wp-json\/wp\/v2\/users\/93"}],"replies":[{"embeddable":true,"href":"https:\/\/plazajuarez.mx\/historico\/wp-json\/wp\/v2\/comments?post=240354"}],"version-history":[{"count":0,"href":"https:\/\/plazajuarez.mx\/historico\/wp-json\/wp\/v2\/posts\/240354\/revisions"}],"wp:featuredmedia":[{"embeddable":true,"href":"https:\/\/plazajuarez.mx\/historico\/wp-json\/wp\/v2\/media\/240355"}],"wp:attachment":[{"href":"https:\/\/plazajuarez.mx\/historico\/wp-json\/wp\/v2\/media?parent=240354"}],"wp:term":[{"taxonomy":"category","embeddable":true,"href":"https:\/\/plazajuarez.mx\/historico\/wp-json\/wp\/v2\/categories?post=240354"},{"taxonomy":"post_tag","embeddable":true,"href":"https:\/\/plazajuarez.mx\/historico\/wp-json\/wp\/v2\/tags?post=240354"}],"curies":[{"name":"wp","href":"https:\/\/api.w.org\/{rel}","templated":true}]}}