{"id":240326,"date":"2022-11-30T17:29:47","date_gmt":"2022-11-30T23:29:47","guid":{"rendered":"https:\/\/plazajuarez.mx\/?p=240326"},"modified":"2022-11-30T17:31:54","modified_gmt":"2022-11-30T23:31:54","slug":"zoologico_","status":"publish","type":"post","link":"https:\/\/plazajuarez.mx\/historico\/zoologico_\/","title":{"rendered":"ESTE 11 DE DICIEMBRE, ZOOL\u00d3GICO DE TULANCINGO TENDR\u00c1\u00a0PROGRAMA NAVIDE\u00d1O"},"content":{"rendered":"\n<p>Maricruz Garc\u00eda Beltheton, titular del zool\u00f3gico de Tulancingo inform\u00f3 que el pr\u00f3ximo 11 de diciembre desde las 11:00 horas tendr\u00e1n actividades con motivo de las fiestas decembrinas, entre ellas, una exhibici\u00f3n de enriquecimiento alimenticio para el oso coco y dos tigres.<\/p>\n\n\n\n<p>El prop\u00f3sito es incentivar el instinto de la fauna, en la b\u00fasqueda de alimento y para ello se realizan din\u00e1micas con pi\u00f1atas y otros objetos, siendo esto de mucho inter\u00e9s para los visitantes.<\/p>\n\n\n\n<p>Anteriormente, este ejercicio ha&nbsp; sido realizado en festividades como el&nbsp; d\u00eda de muertos, siendo una parte fundamental, en el objetivo en programas de bienestar para especies en cautiverio, los cuales son coordinados por el personal especializado, con ayuda de alumnos de servicio social.<\/p>\n\n\n\n<p>El presidente Jorge M\u00e1rquez Alvarado ha instruido que el zool\u00f3gico sea un espacio integrador, vivo y de mucho aprendizaje y para ello se organizan actividades l\u00fadicas.<\/p>\n\n\n\n<p>De esta manera,&nbsp; este 11 de diciembre&nbsp; habr\u00e1 en el zool\u00f3gico pi\u00f1atas para los visitantes, as\u00ed como la presentaci\u00f3n de diversas expresiones art\u00edsticas por parte de alumnos de la escuela de arte Manuel M. Ponce.<\/p>\n\n\n\n<p>As\u00ed tambi\u00e9n habr\u00e1 interpretaci\u00f3n de melod\u00edas navide\u00f1as e igualmente la presentaci\u00f3n del Cascanueces por una compa\u00f1\u00eda de danza. A los infantes que asistan este 11 de diciembre al zool\u00f3gico, se les har\u00e1 entrega de aguinaldos.<\/p>\n\n\n\n<p>Se ha previsto un aforo superior a 500 personas, considerando que esta es la afluencia en un fin de semana con actividades habituales.<\/p>\n\n\n\n<p>En lo que va de este a\u00f1o, el zool\u00f3gico fue enriquecido con la llegada de dos tigres as\u00ed como los nacimientos de una llama, un caballo mexicano&nbsp; y una coyota&nbsp; e igualmente,&nbsp; reciente llegada de tres \u00e1guilas cola roja.<\/p>\n\n\n\n<p>Actualmente el zool\u00f3gico paso de 207 a 220 ejemplares, de 58 especies en exhibici\u00f3n.<\/p>\n\n\n\n<p>El prop\u00f3sito para 2023, es seguir el plan de mejora del zool\u00f3gico, y repoblar la fauna.<\/p>\n\n\n\n<p>El zool\u00f3gico de Tulancingo contin\u00faa recibiendo los donativos de animales que por alguna raz\u00f3n llegan a los domicilios y tambi\u00e9n la integraci\u00f3n de especies rescatadas; Para mayor informaci\u00f3n el tel\u00e9fono del zool\u00f3gico es 77575 34980.<\/p>\n","protected":false},"excerpt":{"rendered":"<p>Maricruz Garc\u00eda Beltheton, titular del zool\u00f3gico de Tulancingo inform\u00f3 que el pr\u00f3ximo 11 de diciembre desde las 11:00 horas tendr\u00e1n actividades con motivo de las fiestas decembrinas, entre ellas, una exhibici\u00f3n de enriquecimiento alimenticio para el oso coco y dos tigres. El prop\u00f3sito es incentivar el instinto de la fauna, en la b\u00fasqueda de alimento [&hellip;]<\/p>\n","protected":false},"author":93,"featured_media":240327,"comment_status":"closed","ping_status":"closed","sticky":false,"template":"","format":"standard","meta":{"footnotes":""},"categories":[15,59,2159,40],"tags":[],"class_list":["post-240326","post","type-post","status-publish","format-standard","has-post-thumbnail","hentry","category-destacadas","category-general","category-noticias-de-hidalgo","category-region"],"_links":{"self":[{"href":"https:\/\/plazajuarez.mx\/historico\/wp-json\/wp\/v2\/posts\/240326","targetHints":{"allow":["GET"]}}],"collection":[{"href":"https:\/\/plazajuarez.mx\/historico\/wp-json\/wp\/v2\/posts"}],"about":[{"href":"https:\/\/plazajuarez.mx\/historico\/wp-json\/wp\/v2\/types\/post"}],"author":[{"embeddable":true,"href":"https:\/\/plazajuarez.mx\/historico\/wp-json\/wp\/v2\/users\/93"}],"replies":[{"embeddable":true,"href":"https:\/\/plazajuarez.mx\/historico\/wp-json\/wp\/v2\/comments?post=240326"}],"version-history":[{"count":0,"href":"https:\/\/plazajuarez.mx\/historico\/wp-json\/wp\/v2\/posts\/240326\/revisions"}],"wp:featuredmedia":[{"embeddable":true,"href":"https:\/\/plazajuarez.mx\/historico\/wp-json\/wp\/v2\/media\/240327"}],"wp:attachment":[{"href":"https:\/\/plazajuarez.mx\/historico\/wp-json\/wp\/v2\/media?parent=240326"}],"wp:term":[{"taxonomy":"category","embeddable":true,"href":"https:\/\/plazajuarez.mx\/historico\/wp-json\/wp\/v2\/categories?post=240326"},{"taxonomy":"post_tag","embeddable":true,"href":"https:\/\/plazajuarez.mx\/historico\/wp-json\/wp\/v2\/tags?post=240326"}],"curies":[{"name":"wp","href":"https:\/\/api.w.org\/{rel}","templated":true}]}}