{"id":240313,"date":"2022-11-30T14:30:46","date_gmt":"2022-11-30T20:30:46","guid":{"rendered":"https:\/\/plazajuarez.mx\/?p=240313"},"modified":"2022-11-30T14:30:52","modified_gmt":"2022-11-30T20:30:52","slug":"policias_-2","status":"publish","type":"post","link":"https:\/\/plazajuarez.mx\/historico\/policias_-2\/","title":{"rendered":"Vinculan a proceso a 3 polic\u00edas de Zacatecas por secuestro agravado"},"content":{"rendered":"\n<p>Los tres polic\u00edas del municipio de Pinos que fueron detenidos por la probable participaci\u00f3n en el delito de secuestro agravado, durante los operativos el d\u00eda que fue asesinado Jos\u00e9 Silvestre Urz\u00faa Padilla, comisario de la Guardia Nacional en Zacatecas, ya fueron vinculados a proceso, inform\u00f3 la Fiscal\u00eda estatal.<\/p>\n\n\n\n<p>Esta vinculaci\u00f3n ocurre a casi una semana del asesinato del alto mando de la Guardia Nacional en la entidad, quien encabez\u00f3 parte de los diferentes operativos que el pasado jueves se desplegaron en ese municipio, ya que el primer operativo implementado ese d\u00eda fue la intervenci\u00f3n de la polic\u00eda municipal de Pinos, donde el Ej\u00e9rcito Mexicano tuvo que revisar la licencia colectiva de armas que se le otorga al municipio, adem\u00e1s de que en esa misma corporaci\u00f3n se ejecut\u00f3 una orden de cateo.<\/p>\n\n\n\n<p>Dentro de lo que se ha ventilado es que esos operativos se programaron derivado de los trabajos de inteligencia y denuncias ciudadanas que se recibieron en la Fiscal\u00eda General de Justicia y del \u00e1rea de la Coordinaci\u00f3n Nacional Antisecuestros (Conase), que les arrojaban la probabilidad de que polic\u00edas activos participaban en colusi\u00f3n con grupos del crimen organizado para ejecutar secuestros en esa zona.<\/p>\n\n\n\n<p>Por el sigilo que se guarda en el proceso de investigaci\u00f3n, la Fiscal\u00eda General de Justicia de Zacatecas no dio mayores detalles sobre el delito que se les imputa, solo se limit\u00f3 a informar que la tarde de ayer (martes), el Juez de Control se pronunci\u00f3 sobre la situaci\u00f3n jur\u00eddica de los tres elementos de la Direcci\u00f3n de Seguridad P\u00fablica de Pinos, quienes fueran aprehendidos el 24 de noviembre, cuya determinaci\u00f3n fue la auto de vinculaci\u00f3n a Proceso por el delito de secuestro agravado.<\/p>\n\n\n\n<p>Por medio de un comunicado se precis\u00f3 que esto se deriva, tras la ejecuci\u00f3n de tres \u00f3rdenes judiciales de cateo simult\u00e1neas, una en el municipio de Zacatecas y dos en el municipio de Pinos, lo que permiti\u00f3 que se cumplimentara un mandamiento judicial en contra de Arturo, Emmanuel y Tom\u00e1s, en las instalaciones de la corporaci\u00f3n de aquel municipio, por su probable participaci\u00f3n en la comisi\u00f3n de hechos que sucedieron en el mes de septiembre y que la ley se\u00f1ala como el delito de secuestro agravado.<\/p>\n\n\n\n<p>Los tres polic\u00edas municipales, tras ser presentados ante el Juez de Control y expuestos los datos de prueba recolectados por el Fiscal del Ministerio P\u00fablico en labor coordinada con la Polic\u00eda de Investigaci\u00f3n y los Servicios Periciales, fueron suficientes para determinar su situaci\u00f3n jur\u00eddica quedando vinculados a proceso y, por la gravedad de la conducta imputada, permanecer\u00e1n bajo la medida cautelar de prisi\u00f3n preventiva.<\/p>\n\n\n\n<p>La Fiscal\u00eda de Zacatecas destaca que ha actuado &#8220;bajo los principios de imparcialidad, objetividad y legalidad en la investigaci\u00f3n y persecuci\u00f3n de los delitos&#8221;, por ende, asegura que se han obtenido &#8220;resultados positivos sin distingo de quien comenta las conductas delictivas que da\u00f1an a la sociedad zacatecana&#8221;.<\/p>\n","protected":false},"excerpt":{"rendered":"<p>Los tres polic\u00edas del municipio de Pinos que fueron detenidos por la probable participaci\u00f3n en el delito de secuestro agravado, durante los operativos el d\u00eda que fue asesinado Jos\u00e9 Silvestre Urz\u00faa Padilla, comisario de la Guardia Nacional en Zacatecas, ya fueron vinculados a proceso, inform\u00f3 la Fiscal\u00eda estatal. Esta vinculaci\u00f3n ocurre a casi una semana [&hellip;]<\/p>\n","protected":false},"author":81,"featured_media":240314,"comment_status":"closed","ping_status":"closed","sticky":false,"template":"","format":"standard","meta":{"footnotes":""},"categories":[37,15,36],"tags":[],"class_list":["post-240313","post","type-post","status-publish","format-standard","has-post-thumbnail","hentry","category-barandilla","category-destacadas","category-nacion"],"_links":{"self":[{"href":"https:\/\/plazajuarez.mx\/historico\/wp-json\/wp\/v2\/posts\/240313","targetHints":{"allow":["GET"]}}],"collection":[{"href":"https:\/\/plazajuarez.mx\/historico\/wp-json\/wp\/v2\/posts"}],"about":[{"href":"https:\/\/plazajuarez.mx\/historico\/wp-json\/wp\/v2\/types\/post"}],"author":[{"embeddable":true,"href":"https:\/\/plazajuarez.mx\/historico\/wp-json\/wp\/v2\/users\/81"}],"replies":[{"embeddable":true,"href":"https:\/\/plazajuarez.mx\/historico\/wp-json\/wp\/v2\/comments?post=240313"}],"version-history":[{"count":0,"href":"https:\/\/plazajuarez.mx\/historico\/wp-json\/wp\/v2\/posts\/240313\/revisions"}],"wp:featuredmedia":[{"embeddable":true,"href":"https:\/\/plazajuarez.mx\/historico\/wp-json\/wp\/v2\/media\/240314"}],"wp:attachment":[{"href":"https:\/\/plazajuarez.mx\/historico\/wp-json\/wp\/v2\/media?parent=240313"}],"wp:term":[{"taxonomy":"category","embeddable":true,"href":"https:\/\/plazajuarez.mx\/historico\/wp-json\/wp\/v2\/categories?post=240313"},{"taxonomy":"post_tag","embeddable":true,"href":"https:\/\/plazajuarez.mx\/historico\/wp-json\/wp\/v2\/tags?post=240313"}],"curies":[{"name":"wp","href":"https:\/\/api.w.org\/{rel}","templated":true}]}}