{"id":240308,"date":"2022-11-30T14:18:32","date_gmt":"2022-11-30T20:18:32","guid":{"rendered":"https:\/\/plazajuarez.mx\/?p=240308"},"modified":"2022-11-30T14:24:59","modified_gmt":"2022-11-30T20:24:59","slug":"ester_exposito_","status":"publish","type":"post","link":"https:\/\/plazajuarez.mx\/historico\/ester_exposito_\/","title":{"rendered":"Ester Exp\u00f3sito se lleva todas las miradas con un coqueto top"},"content":{"rendered":"\n<p> Ester Exp\u00f3sito es sin dudas una de las actrices espa\u00f1olas con mayor crecimiento profesional en los \u00faltimos a\u00f1os.<\/p>\n\n\n\n<p>La protagonista de &#8220;\u00c9lite&#8221; se encuentra promocionando su nueva pel\u00edcula &#8220;Venus&#8221; y no para de enamorarnos con cada uno de los looks que usa para las entrevistas y alfombras rojas.<\/p>\n\n\n\n<p>Ahora Ester Exp\u00f3sito comparti\u00f3 en su perfil de Instagram dos fotograf\u00edas donde se la ve lucir un top negro de un solo hombro y una sola manga, el cual combin\u00f3 con un pantal\u00f3n cargo en color verde, uno de los tonos furor de la temporada.<\/p>\n\n\n\n<p>La actriz opt\u00f3 por algunos complementos y accesorios como pulseras y aros en color dorado. En cuanto al cabello, Ester Exp\u00f3sito decidi\u00f3 llevarlo suelto pero con algunas ondas al agua s\u00faper suaves y delicadas.<\/p>\n\n\n\n<p>El posteo de Ester Exp\u00f3sito ya acumula m\u00e1s de un mill\u00f3n de me gusta, pero los likes van aumentando minuto a minuto. Incluso el posteo cuenta con cientos de mensajes y comentarios donde todos resaltan la belleza de la actriz. &#8220;Todo lo que quiero para Navidad eres t\u00fa&#8221;, &#8220;Bella&#8221;, &#8220;Guapa&#8221;, &#8220;Estas hermosa&#8221;, son solo algunos de los comentarios que se pueden leer en el posteo de la actriz espa\u00f1ola.<\/p>\n\n\n\n<p>&#8212;\u00bfDe qu\u00e9 trata &#8220;Venus&#8221;, la nueva pel\u00edcula de Ester Exp\u00f3sito?<\/p>\n\n\n\n<p>En &#8220;Venus&#8221; Ester Exp\u00f3sito interpreta a una bailarina que roba una bolsa del local en el que trabaja y esto desencadena una persecuci\u00f3n por parte de una mafia. Incluso Ester comparti\u00f3 un par de segundos de la pel\u00edcula en su perfil de Instagram y se puede ver c\u00f3mo el glamouroso look de Luc\u00eda, la protagonista, contrasta con lo oscuro de la historia.<\/p>\n\n\n\n<p>&#8220;Venus&#8221; cuenta con la direcci\u00f3n de Jaume Balaguer\u00f3 y tambi\u00e9n participan Fernando Valdivielso, \u00c1ngela Cremonte (a quien muchos conocieron por la serie de Netflix &#8220;Las chicas del cable&#8221;), Federico Aguado, entre otros m\u00e1s. La pel\u00edcula protagonizada por Exp\u00f3sito est\u00e1 inspirada en el cuento de H.P. Lovecraft &#8220;Los sue\u00f1os en la casa de la bruja&#8221;.<\/p>\n","protected":false},"excerpt":{"rendered":"<p>Ester Exp\u00f3sito es sin dudas una de las actrices espa\u00f1olas con mayor crecimiento profesional en los \u00faltimos a\u00f1os. La protagonista de &#8220;\u00c9lite&#8221; se encuentra promocionando su nueva pel\u00edcula &#8220;Venus&#8221; y no para de enamorarnos con cada uno de los looks que usa para las entrevistas y alfombras rojas. Ahora Ester Exp\u00f3sito comparti\u00f3 en su perfil [&hellip;]<\/p>\n","protected":false},"author":81,"featured_media":240312,"comment_status":"closed","ping_status":"closed","sticky":false,"template":"","format":"standard","meta":{"footnotes":""},"categories":[38],"tags":[],"class_list":["post-240308","post","type-post","status-publish","format-standard","has-post-thumbnail","hentry","category-show"],"_links":{"self":[{"href":"https:\/\/plazajuarez.mx\/historico\/wp-json\/wp\/v2\/posts\/240308","targetHints":{"allow":["GET"]}}],"collection":[{"href":"https:\/\/plazajuarez.mx\/historico\/wp-json\/wp\/v2\/posts"}],"about":[{"href":"https:\/\/plazajuarez.mx\/historico\/wp-json\/wp\/v2\/types\/post"}],"author":[{"embeddable":true,"href":"https:\/\/plazajuarez.mx\/historico\/wp-json\/wp\/v2\/users\/81"}],"replies":[{"embeddable":true,"href":"https:\/\/plazajuarez.mx\/historico\/wp-json\/wp\/v2\/comments?post=240308"}],"version-history":[{"count":0,"href":"https:\/\/plazajuarez.mx\/historico\/wp-json\/wp\/v2\/posts\/240308\/revisions"}],"wp:featuredmedia":[{"embeddable":true,"href":"https:\/\/plazajuarez.mx\/historico\/wp-json\/wp\/v2\/media\/240312"}],"wp:attachment":[{"href":"https:\/\/plazajuarez.mx\/historico\/wp-json\/wp\/v2\/media?parent=240308"}],"wp:term":[{"taxonomy":"category","embeddable":true,"href":"https:\/\/plazajuarez.mx\/historico\/wp-json\/wp\/v2\/categories?post=240308"},{"taxonomy":"post_tag","embeddable":true,"href":"https:\/\/plazajuarez.mx\/historico\/wp-json\/wp\/v2\/tags?post=240308"}],"curies":[{"name":"wp","href":"https:\/\/api.w.org\/{rel}","templated":true}]}}