{"id":240304,"date":"2022-11-30T14:13:50","date_gmt":"2022-11-30T20:13:50","guid":{"rendered":"https:\/\/plazajuarez.mx\/?p=240304"},"modified":"2022-11-30T14:13:56","modified_gmt":"2022-11-30T20:13:56","slug":"murillo_-2","status":"publish","type":"post","link":"https:\/\/plazajuarez.mx\/historico\/murillo_-2\/","title":{"rendered":"Dan de alta a Murillo Karam del hospital; lo trasladan a Tepepan"},"content":{"rendered":"\n<p> La SSC inform\u00f3 que esta ma\u00f1ana Jes\u00fas Murillo Karam fue dado de alta del Hospital Belisario Dom\u00ednguez.<\/p>\n\n\n\n<p>Al salir fue trasladado a la Torre M\u00e9dica del Centro de Reinserci\u00f3n Social Tepepan, ubicada en la alcald\u00eda Tlalpan, donde se dar\u00e1 seguimiento a su tratamiento m\u00e9dico.<\/p>\n","protected":false},"excerpt":{"rendered":"<p>La SSC inform\u00f3 que esta ma\u00f1ana Jes\u00fas Murillo Karam fue dado de alta del Hospital Belisario Dom\u00ednguez. Al salir fue trasladado a la Torre M\u00e9dica del Centro de Reinserci\u00f3n Social Tepepan, ubicada en la alcald\u00eda Tlalpan, donde se dar\u00e1 seguimiento a su tratamiento m\u00e9dico.<\/p>\n","protected":false},"author":81,"featured_media":240306,"comment_status":"closed","ping_status":"closed","sticky":false,"template":"","format":"standard","meta":{"footnotes":""},"categories":[15,36,2160],"tags":[],"class_list":["post-240304","post","type-post","status-publish","format-standard","has-post-thumbnail","hentry","category-destacadas","category-nacion","category-noticias-de-la-ciudad-de-mexico"],"_links":{"self":[{"href":"https:\/\/plazajuarez.mx\/historico\/wp-json\/wp\/v2\/posts\/240304","targetHints":{"allow":["GET"]}}],"collection":[{"href":"https:\/\/plazajuarez.mx\/historico\/wp-json\/wp\/v2\/posts"}],"about":[{"href":"https:\/\/plazajuarez.mx\/historico\/wp-json\/wp\/v2\/types\/post"}],"author":[{"embeddable":true,"href":"https:\/\/plazajuarez.mx\/historico\/wp-json\/wp\/v2\/users\/81"}],"replies":[{"embeddable":true,"href":"https:\/\/plazajuarez.mx\/historico\/wp-json\/wp\/v2\/comments?post=240304"}],"version-history":[{"count":0,"href":"https:\/\/plazajuarez.mx\/historico\/wp-json\/wp\/v2\/posts\/240304\/revisions"}],"wp:featuredmedia":[{"embeddable":true,"href":"https:\/\/plazajuarez.mx\/historico\/wp-json\/wp\/v2\/media\/240306"}],"wp:attachment":[{"href":"https:\/\/plazajuarez.mx\/historico\/wp-json\/wp\/v2\/media?parent=240304"}],"wp:term":[{"taxonomy":"category","embeddable":true,"href":"https:\/\/plazajuarez.mx\/historico\/wp-json\/wp\/v2\/categories?post=240304"},{"taxonomy":"post_tag","embeddable":true,"href":"https:\/\/plazajuarez.mx\/historico\/wp-json\/wp\/v2\/tags?post=240304"}],"curies":[{"name":"wp","href":"https:\/\/api.w.org\/{rel}","templated":true}]}}