{"id":24024,"date":"2016-07-02T12:39:57","date_gmt":"2016-07-02T12:39:57","guid":{"rendered":"http:\/\/plazajuarez.mx\/index\/index.php\/2016\/07\/02\/realizaron-la-1ra-feria-de-la-salud-para-transportistas\/"},"modified":"2016-07-02T12:39:57","modified_gmt":"2016-07-02T12:39:57","slug":"realizaron-la-1ra-feria-de-la-salud-para-transportistas","status":"publish","type":"post","link":"https:\/\/plazajuarez.mx\/historico\/realizaron-la-1ra-feria-de-la-salud-para-transportistas\/","title":{"rendered":"Realizaron la \u201c1ra Feria de la Salud para Transportistas\u201d"},"content":{"rendered":"<p dir=\"ltr\" style=\"text-align: justify;\">La Coordinaci\u00f3n Regional del Sistema de Transporte Convencional de Huejutla llev\u00f3 a cabo la \u201c1ra Feria de la Salud para Transportistas\u201d, en donde m\u00e1s de 200 operadores y concesionarios de la Huasteca acudieron a revisi\u00f3n m\u00e9dica por parte del personal de la Secretar\u00eda de Salud de Hidalgo, entre otros beneficios de manera gratuita; as\u00ed lo inform\u00f3 Alain Souverbille Garc\u00eda, director general de la dependencia en la entidad.<\/p>\n<p>  <!--more-->  <\/p>\n<p dir=\"ltr\" style=\"text-align: justify;\">Desde temprana hora, personal de salubridad dispuso de espacios f\u00edsicos en la Coordinaci\u00f3n Regional del STCH en Huejutla para llevar a cabo la toma de signos vitales, (glucosa, presi\u00f3n arterial); as\u00ed como, asesor\u00eda con nutri\u00f3logo, psicol\u00f3gica y respecto al seguro popular. Adem\u00e1s de activaci\u00f3n f\u00edsica.<\/p>\n<p dir=\"ltr\" style=\"text-align: justify;\">Roberto Ter\u00e1n Contreras, Subsecretario de Transporte en Hidalgo, se\u00f1al\u00f3 que durante la 1ra Feria de la Salud los operadores y concesionarios accedieron a servicios de salud, ex\u00e1menes de glucosa, servicios preventivos y orientaci\u00f3n psicol\u00f3gica. Indic\u00f3 que, \u201cla respuesta de los transportistas fue muy buena\u201d.<\/p>\n<p dir=\"ltr\" style=\"text-align: justify;\">Por su parte, Francisco Javier Guevara M\u00e1rquez, coordinador regional del Transporte Convencional en Huejutla, dijo que el objetivo de esta primera feria fue la detecci\u00f3n oportuna de diabetes, hipertensi\u00f3n, trastornos alimenticios y obesidad; adem\u00e1s, de que quien as\u00ed lo decidi\u00f3, se realiz\u00f3 la prueba del VIH, SIDA.<\/p>\n","protected":false},"excerpt":{"rendered":"<p>La Coordinaci\u00f3n Regional del Sistema de Transporte Convencional de Huejutla llev\u00f3 a cabo la \u201c1ra Feria de la Salud para Transportistas\u201d, en donde m\u00e1s de 200 operadores y concesionarios de la Huasteca acudieron a revisi\u00f3n m\u00e9dica por parte del personal de la Secretar\u00eda de Salud de Hidalgo, entre otros beneficios de manera gratuita; as\u00ed lo [&hellip;]<\/p>\n","protected":false},"author":1,"featured_media":0,"comment_status":"open","ping_status":"open","sticky":false,"template":"","format":"standard","meta":{"footnotes":""},"categories":[59],"tags":[],"class_list":["post-24024","post","type-post","status-publish","format-standard","hentry","category-general"],"_links":{"self":[{"href":"https:\/\/plazajuarez.mx\/historico\/wp-json\/wp\/v2\/posts\/24024","targetHints":{"allow":["GET"]}}],"collection":[{"href":"https:\/\/plazajuarez.mx\/historico\/wp-json\/wp\/v2\/posts"}],"about":[{"href":"https:\/\/plazajuarez.mx\/historico\/wp-json\/wp\/v2\/types\/post"}],"author":[{"embeddable":true,"href":"https:\/\/plazajuarez.mx\/historico\/wp-json\/wp\/v2\/users\/1"}],"replies":[{"embeddable":true,"href":"https:\/\/plazajuarez.mx\/historico\/wp-json\/wp\/v2\/comments?post=24024"}],"version-history":[{"count":0,"href":"https:\/\/plazajuarez.mx\/historico\/wp-json\/wp\/v2\/posts\/24024\/revisions"}],"wp:attachment":[{"href":"https:\/\/plazajuarez.mx\/historico\/wp-json\/wp\/v2\/media?parent=24024"}],"wp:term":[{"taxonomy":"category","embeddable":true,"href":"https:\/\/plazajuarez.mx\/historico\/wp-json\/wp\/v2\/categories?post=24024"},{"taxonomy":"post_tag","embeddable":true,"href":"https:\/\/plazajuarez.mx\/historico\/wp-json\/wp\/v2\/tags?post=24024"}],"curies":[{"name":"wp","href":"https:\/\/api.w.org\/{rel}","templated":true}]}}