{"id":240205,"date":"2022-11-30T08:41:47","date_gmt":"2022-11-30T14:41:47","guid":{"rendered":"https:\/\/plazajuarez.mx\/?p=240205"},"modified":"2022-11-30T08:41:53","modified_gmt":"2022-11-30T14:41:53","slug":"conozco-a-esos-plebeyos-soy-uno-de-ellos","status":"publish","type":"post","link":"https:\/\/plazajuarez.mx\/historico\/conozco-a-esos-plebeyos-soy-uno-de-ellos\/","title":{"rendered":"Conozco a esos plebeyos: soy uno de ellos"},"content":{"rendered":"\n<h2 class=\"wp-block-heading\">RETRATOS HABLADOS<\/h2>\n\n\n\n<p>Tarea fundamental en estos tiempos del realismo m\u00e1gico de boga en la pol\u00edtica, es intentar por lo menos, diferenciar lo que es la realidad-realidad, de la que no lo es, y apurar a que&nbsp; los sue\u00f1os que solo tiene hospedaje en la mente de quienes est\u00e1n ciertos, de que en este mundo por dem\u00e1s amargo y poco dado a los idealismos, las cosas se pueden hacer con el puro esfuerzo de creerlo, intenten despertar. Ojal\u00e1 as\u00ed fuera, y dejar\u00edamos de perder tiempo en convencer a todos con la historia antigua, de que la verdad es tan relativa que acaba por ser una mentira.<\/p>\n\n\n\n<p>Cierto, sin ideales no vamos tampoco a ninguna parte.<\/p>\n\n\n\n<p>Porque de otro modo solo apurar\u00edamos el momento en que las m\u00e1quinas, as\u00ed dicen, empiecen a decidir absolutamente todo, bajo el efecto de la perfecci\u00f3n y el esp\u00edritu perfeccionista que tanto a\u00f1oran los que han vivido en reg\u00edmenes totalitarios, dictatoriales, o lo que casi siempre resulta igual cuando se corona un movimiento social con la supuesta \u201cdictadura del proletariado\u201d, con es otra cosa que la dictadura de una familia, como ha sucedido en Nicaragua con los Ortega, y los Castro en Cuba.<\/p>\n\n\n\n<p>El idealismo combate con pasi\u00f3n y de origen todo lo que tenga que ver con la violaci\u00f3n al derecho a disentir, pero con bastante regularidad desemboca en eso que tanto busc\u00f3 extinguir, porque todo revolucionario lleva en sus genes la vocaci\u00f3n de ser el que posee la verdad absoluta, y ya instalado en el poder empieza a pensar que \u201ctodo lo logrado\u201d, siempre en bien del pueblo, no debe perderse porque llegue a sucederlo un maldito conservador, anti revolucionario y enemigo de la igualdad. Por lo tanto la soluci\u00f3n, que siempre negar\u00e1 hasta que deje de pertenecerse a s\u00ed mismo, ser\u00e1 que su estirpe se eternice en el mando y asegure que su legado para la posteridad se mantenga.<\/p>\n\n\n\n<p>Nunca cambia. Es la misma historia, tanto los que llegan con \u00e1nimos de justicia social, como los simples ambiciosos. Todos tienen un mismo fin.<\/p>\n\n\n\n<p>Y por eso la humanidad no camina por donde debe caminar, sino por donde la hacen caminar.<\/p>\n\n\n\n<p>No se preocupe.<\/p>\n\n\n\n<p>Esto siempre ha ocurrido.<\/p>\n\n\n\n<p>Con diferentes personajes, pero la historia se repite puntualmente.<\/p>\n\n\n\n<p>Jugar a la revoluci\u00f3n refresca la vida, otorga eternidades a quienes no lo merecen, y hunde en el olvido a miles y miles, pero estos \u00faltimos siempre han existido para eso: para ser, como dice Serrat en su canci\u00f3n: \u201cLa gente va muy bien en cualquier acto p\u00fablico, para llenar la cancha y hacer la ola. La gente va muy bien para ilustrar cat\u00e1logos, para consumir mitos y seguir la moda. La gente va muy bien para construir pir\u00e1mides, para tirar el carro y hacer el amor. La gente va muy bien para formar ej\u00e9rcitos y para dar ambiente. La gente va muy bien para contarles cuentos, para darles porrazos y venderles ung\u00fcentos. La gente va muy bien para decir que S\u00cd, para decir AM\u00c9N.&nbsp; La gente va muy bien para aplaudir al jefe, animar el paisaje y preservar la especie\u201d.<\/p>\n\n\n\n<p>Y la conclusi\u00f3n del propio cantante-poeta: \u201cconozco a esos plebeyos, soy uno de ellos\u201d.<\/p>\n\n\n\n<p>Mil gracias, hasta ma\u00f1ana.<\/p>\n\n\n\n<p><a href=\"mailto:jeperalta@plazajuarez.MX\">jeperalta@plazajuarez.MX<\/a><\/p>\n\n\n\n<p>@JavierEPeralta<\/p>\n","protected":false},"excerpt":{"rendered":"<p>RETRATOS HABLADOS Tarea fundamental en estos tiempos del realismo m\u00e1gico de boga en la pol\u00edtica, es intentar por lo menos, diferenciar lo que es la realidad-realidad, de la que no lo es, y apurar a que&nbsp; los sue\u00f1os que solo tiene hospedaje en la mente de quienes est\u00e1n ciertos, de que en este mundo por [&hellip;]<\/p>\n","protected":false},"author":10,"featured_media":234662,"comment_status":"closed","ping_status":"closed","sticky":false,"template":"","format":"standard","meta":{"footnotes":""},"categories":[49,42],"tags":[],"class_list":["post-240205","post","type-post","status-publish","format-standard","has-post-thumbnail","hentry","category-javier-peralta","category-nuestrapalabra"],"_links":{"self":[{"href":"https:\/\/plazajuarez.mx\/historico\/wp-json\/wp\/v2\/posts\/240205","targetHints":{"allow":["GET"]}}],"collection":[{"href":"https:\/\/plazajuarez.mx\/historico\/wp-json\/wp\/v2\/posts"}],"about":[{"href":"https:\/\/plazajuarez.mx\/historico\/wp-json\/wp\/v2\/types\/post"}],"author":[{"embeddable":true,"href":"https:\/\/plazajuarez.mx\/historico\/wp-json\/wp\/v2\/users\/10"}],"replies":[{"embeddable":true,"href":"https:\/\/plazajuarez.mx\/historico\/wp-json\/wp\/v2\/comments?post=240205"}],"version-history":[{"count":0,"href":"https:\/\/plazajuarez.mx\/historico\/wp-json\/wp\/v2\/posts\/240205\/revisions"}],"wp:featuredmedia":[{"embeddable":true,"href":"https:\/\/plazajuarez.mx\/historico\/wp-json\/wp\/v2\/media\/234662"}],"wp:attachment":[{"href":"https:\/\/plazajuarez.mx\/historico\/wp-json\/wp\/v2\/media?parent=240205"}],"wp:term":[{"taxonomy":"category","embeddable":true,"href":"https:\/\/plazajuarez.mx\/historico\/wp-json\/wp\/v2\/categories?post=240205"},{"taxonomy":"post_tag","embeddable":true,"href":"https:\/\/plazajuarez.mx\/historico\/wp-json\/wp\/v2\/tags?post=240205"}],"curies":[{"name":"wp","href":"https:\/\/api.w.org\/{rel}","templated":true}]}}