{"id":2402,"date":"2015-03-18T06:00:00","date_gmt":"2015-03-18T06:00:00","guid":{"rendered":"http:\/\/plazajuarez.mx\/index\/index.php\/2015\/03\/18\/claves-para-entender-que-esta-pasando-en-brasil\/"},"modified":"2015-03-18T06:00:00","modified_gmt":"2015-03-18T06:00:00","slug":"claves-para-entender-que-esta-pasando-en-brasil","status":"publish","type":"post","link":"https:\/\/plazajuarez.mx\/historico\/claves-para-entender-que-esta-pasando-en-brasil\/","title":{"rendered":"Claves para entender qu\u00e9 est\u00e1 pasando en Brasil"},"content":{"rendered":"<p>El pasado domingo Brasil se convirti\u00f3 en escenario de las protestas masivas contra la presidenta Rousseff, que congregaron a un mill\u00f3n de personas en todo el pa\u00eds, pero, \u00bfqu\u00e9 est\u00e1 pasando? Estas son las preguntas clave.<\/p>\n<p>  <!--more-->  <\/p>\n<p>\u00a0<\/p>\n<p><strong>\u00bfPor qu\u00e9 los brasile\u00f1os protestan?<\/strong><\/p>\n<p>El principal motivo es la corrupci\u00f3n revelada a partir del esc\u00e1ndalo de Petrobras, que envuelve a las mayores constructoras brasile\u00f1as, responsables por un cartel que se repart\u00eda las obras de la estatal. M\u00e1s de 50 pol\u00edticos clave, 42 de ellos congresistas, habr\u00edan recibido sobornos para amparar los desv\u00edos.<\/p>\n<p><strong>\u00bfQui\u00e9n lidera las manifestaciones?<\/strong><\/p>\n<p>Las manifestaciones fueron convocadas por diferentes grupos que se organizan en el Facebook &#8211; donde suman m\u00e1s de un mill\u00f3n de seguidores-, y por el Whatsapp. Los grupos m\u00e1s representativos son Vem pra Rua (ven a la calle), el Movimiento Brasil Libre (MBL), Revoltados Online (Enojados Online) y el Grupo Pro-militar. Los grupos tienen en com\u00fan la insatisfacci\u00f3n con el Gobierno. El grupo Vem pra Rua est\u00e1 por el<strong><em> Impeachment<\/em><\/strong>, el segundo pide la salida de Rousseff, el tercero pide una Intervenci\u00f3n Militar y el cuarto, el menor de todos pero muy ruidoso, pide la vuelta de la dictadura.<\/p>\n<p><strong>Nota del editor<\/strong>: <strong><em>El impeachment<\/em><\/strong> es una figura del Derecho anglosaj\u00f3n mediante el cual se puede procesar a un alto cargo p\u00fablico. El parlamento o congreso debe aprobar el procesamiento y posteriormente encargarse del juicio del acusado. Una vez que un individuo fue objeto de un impeachment tiene que hacer frente a la posibilidad de ser condenado por una votaci\u00f3n del \u00f3rgano legislativo, lo cual ocasiona su destituci\u00f3n e inhabilitaci\u00f3n para funciones similares.<\/p>\n<p><strong>\u00bfCu\u00e1l ha sido el papel de la oposici\u00f3n?<\/strong><\/p>\n<p>Liderada por el Partido de la Social Democracias Brasile\u00f1a (PSDB), del ex candidato A\u00e9cio Neves y del ex presidente Fernando Henrique Cardoso, la oposici\u00f3n se ha mantenido al margen de las protestas para no asociarse a las voces que piden la intervenci\u00f3n militar. El partido declara que est\u00e1 por el <strong><em>impeachment<\/em><\/strong> e internamente celebra el desgaste de Rousseff y del PT.<\/p>\n<p><strong>\u00bfCu\u00e1les son los problemas de Rousseff?<\/strong><\/p>\n<p>Rousseff fue electa en octubre del a\u00f1o pasado con poco m\u00e1s del 51% y una diferencia muy peque\u00f1a sobre Neves, en la elecci\u00f3n m\u00e1s disputada desde 1990. Al asumir su nuevo mandato se demor\u00f3 m\u00e1s de un mes para aceptar la renuncia de su amiga, la presidenta de Petrobras Gra\u00e7a Foster, y para anunciar el paquete anticorrupci\u00f3n, que promete desde las manifestaciones de 2013. Al elegirse, ofreci\u00f3 a la oposici\u00f3n un puente que nunca construy\u00f3, y ha sido poco h\u00e1bil en la articulaci\u00f3n pol\u00edtica, razones por las que ha enfrentado derrotas en el Congreso y por las que se encuentra aislada. Por otro lado, se vio obligada a realizar un ajuste econ\u00f3mico que neg\u00f3 durante su campa\u00f1a, mientras la inflaci\u00f3n sube y el real se deval\u00faa. Su popularidad anda por los suelos.<\/p>\n<p><strong>\u00bfExiste la posibilidad de un impeachment?<\/strong><\/p>\n<p>Especialistas consideran dif\u00edcil la posibilidad de un Impeachment en este momento, por no existir pruebas de corrupci\u00f3n directas contra Rousseff, como est\u00e1 previsto en la Constituci\u00f3n. Para que ocurra un Impeachment es necesario que haya criterios legales que garanticen que no se trata de un golpe. Despu\u00e9s de la base jur\u00eddica, el proceso de Impeachment debe ser aprobado por dos tercios de los diputados y luego, la misma proporci\u00f3n en el Senado. (Agencias)<\/p>\n","protected":false},"excerpt":{"rendered":"<p>El pasado domingo Brasil se convirti\u00f3 en escenario de las protestas masivas contra la presidenta Rousseff, que congregaron a un mill\u00f3n de personas en todo el pa\u00eds, pero, \u00bfqu\u00e9 est\u00e1 pasando? Estas son las preguntas clave.<\/p>\n","protected":false},"author":93,"featured_media":0,"comment_status":"open","ping_status":"open","sticky":false,"template":"","format":"standard","meta":{"footnotes":""},"categories":[31],"tags":[],"class_list":["post-2402","post","type-post","status-publish","format-standard","hentry","category-orbe"],"_links":{"self":[{"href":"https:\/\/plazajuarez.mx\/historico\/wp-json\/wp\/v2\/posts\/2402","targetHints":{"allow":["GET"]}}],"collection":[{"href":"https:\/\/plazajuarez.mx\/historico\/wp-json\/wp\/v2\/posts"}],"about":[{"href":"https:\/\/plazajuarez.mx\/historico\/wp-json\/wp\/v2\/types\/post"}],"author":[{"embeddable":true,"href":"https:\/\/plazajuarez.mx\/historico\/wp-json\/wp\/v2\/users\/93"}],"replies":[{"embeddable":true,"href":"https:\/\/plazajuarez.mx\/historico\/wp-json\/wp\/v2\/comments?post=2402"}],"version-history":[{"count":0,"href":"https:\/\/plazajuarez.mx\/historico\/wp-json\/wp\/v2\/posts\/2402\/revisions"}],"wp:attachment":[{"href":"https:\/\/plazajuarez.mx\/historico\/wp-json\/wp\/v2\/media?parent=2402"}],"wp:term":[{"taxonomy":"category","embeddable":true,"href":"https:\/\/plazajuarez.mx\/historico\/wp-json\/wp\/v2\/categories?post=2402"},{"taxonomy":"post_tag","embeddable":true,"href":"https:\/\/plazajuarez.mx\/historico\/wp-json\/wp\/v2\/tags?post=2402"}],"curies":[{"name":"wp","href":"https:\/\/api.w.org\/{rel}","templated":true}]}}