{"id":2400,"date":"2015-03-18T06:00:00","date_gmt":"2015-03-18T06:00:00","guid":{"rendered":"http:\/\/plazajuarez.mx\/index\/index.php\/2015\/03\/18\/fidel-castro-elogia-a-los-militares-venezolanos-los-mejor-equipados-de-la-region\/"},"modified":"2015-03-18T06:00:00","modified_gmt":"2015-03-18T06:00:00","slug":"fidel-castro-elogia-a-los-militares-venezolanos-los-mejor-equipados-de-la-region","status":"publish","type":"post","link":"https:\/\/plazajuarez.mx\/historico\/fidel-castro-elogia-a-los-militares-venezolanos-los-mejor-equipados-de-la-region\/","title":{"rendered":"Fidel Castro elogia a los militares venezolanos,  los \u00abmejor equipados\u00bb de la regi\u00f3n"},"content":{"rendered":"<p>El expresidente cubano Fidel Castro elogi\u00f3 el papel de la Fuerza Armada venezolana como defensora de \u00abla Patria\u00bb, \u00abhaga lo que haga\u00bb el \u00abimperialismo\u00bb, al tiempo que ha asegurado que sus militares son los \u00abmejor equipados de Am\u00e9rica Latina\u00bb y est\u00e1n dispuestos a dar hasta \u00abla \u00faltima gota de su sangre\u00bb por su pa\u00eds.<\/p>\n<p>  <!--more-->  <\/p>\n<p>\u00a0<\/p>\n<p>\u00abHe podido observar la actitud, no solo del pueblo heroico de Bol\u00edvar y Ch\u00e1vez sino tambi\u00e9n una circunstancia especial: la disciplina ejemplar y el esp\u00edritu de la Fuerza Armada Nacional Bolivariana. Haga lo que haga el imperialismo de Estados Unidos, no podr\u00e1 contar jam\u00e1s con ellas para hacer lo que hizo durante tantos a\u00f1os\u00bb, asegur\u00f3 Castro, en una de sus \u00abreflexiones\u00bb dirigida al presidente de Venezuela, Nicol\u00e1s Maduro. (Agencias)<\/p>\n","protected":false},"excerpt":{"rendered":"<p>El expresidente cubano Fidel Castro elogi\u00f3 el papel de la Fuerza Armada venezolana como defensora de \u00abla Patria\u00bb, \u00abhaga lo que haga\u00bb el \u00abimperialismo\u00bb, al tiempo que ha asegurado que sus militares son los \u00abmejor equipados de Am\u00e9rica Latina\u00bb y est\u00e1n dispuestos a dar hasta \u00abla \u00faltima gota de su sangre\u00bb por su pa\u00eds.<\/p>\n","protected":false},"author":93,"featured_media":0,"comment_status":"open","ping_status":"open","sticky":false,"template":"","format":"standard","meta":{"footnotes":""},"categories":[31],"tags":[],"class_list":["post-2400","post","type-post","status-publish","format-standard","hentry","category-orbe"],"_links":{"self":[{"href":"https:\/\/plazajuarez.mx\/historico\/wp-json\/wp\/v2\/posts\/2400","targetHints":{"allow":["GET"]}}],"collection":[{"href":"https:\/\/plazajuarez.mx\/historico\/wp-json\/wp\/v2\/posts"}],"about":[{"href":"https:\/\/plazajuarez.mx\/historico\/wp-json\/wp\/v2\/types\/post"}],"author":[{"embeddable":true,"href":"https:\/\/plazajuarez.mx\/historico\/wp-json\/wp\/v2\/users\/93"}],"replies":[{"embeddable":true,"href":"https:\/\/plazajuarez.mx\/historico\/wp-json\/wp\/v2\/comments?post=2400"}],"version-history":[{"count":0,"href":"https:\/\/plazajuarez.mx\/historico\/wp-json\/wp\/v2\/posts\/2400\/revisions"}],"wp:attachment":[{"href":"https:\/\/plazajuarez.mx\/historico\/wp-json\/wp\/v2\/media?parent=2400"}],"wp:term":[{"taxonomy":"category","embeddable":true,"href":"https:\/\/plazajuarez.mx\/historico\/wp-json\/wp\/v2\/categories?post=2400"},{"taxonomy":"post_tag","embeddable":true,"href":"https:\/\/plazajuarez.mx\/historico\/wp-json\/wp\/v2\/tags?post=2400"}],"curies":[{"name":"wp","href":"https:\/\/api.w.org\/{rel}","templated":true}]}}