{"id":2398,"date":"2015-03-18T06:00:00","date_gmt":"2015-03-18T06:00:00","guid":{"rendered":"http:\/\/plazajuarez.mx\/index\/index.php\/2015\/03\/18\/la-esperanza-muere-al-ultimo\/"},"modified":"2015-03-18T06:00:00","modified_gmt":"2015-03-18T06:00:00","slug":"la-esperanza-muere-al-ultimo","status":"publish","type":"post","link":"https:\/\/plazajuarez.mx\/historico\/la-esperanza-muere-al-ultimo\/","title":{"rendered":"La esperanza muere al \u00faltimo"},"content":{"rendered":"<p>A\u00daN EXISTE OPTIMISMO EN LA MADRIGUERA<\/p>\n<ul>\n<li>Walter Ayov\u00ed reconoci\u00f3 el p\u00e9simo momento de Pachuca, sin embargo, el ecuatoriano espera que la malaria se termine y los Tuzos tengan opciones de liguilla<\/li>\n<li>Este s\u00e1bado, Pachuca se medir\u00e1 ante Monarcas Morelia, el peor equipo de la Liga Mx<\/li>\n<\/ul>\n<p>  <!--more-->  <\/p>\n<p>Con los \u00e1nimos bajos, un clima fr\u00edo y poca gente, as\u00ed lucieron ayer las instalaciones de la Universidad del Futbol. Y no es para menos, los pobres resultados en la Liga Mx, y todav\u00eda la fresca eliminaci\u00f3n en Concachampions ha originado que la afici\u00f3n se aleja de la madriguera. Asimismo, al t\u00e9rmino del habitual entrenamiento, el ecuatoriano Walter Ayov\u00ed, reconoci\u00f3 el mal momento del equipo, as\u00ed como la derrota ante Tigres.<\/p>\n<p>\u00a0<\/p>\n<p>\u201chay cosas que dejamos de hacer durante el desarrollo del juego, la misma desesperaci\u00f3n nos lleva a cometer errores; debemos estar conscientes de que a partir del siguiente juego tenemos que ganar de alguna u otra forma\u201d, expuso Ayov\u00ed.<\/p>\n<p>\u00a0<\/p>\n<p>Del mismo modo, Ayov\u00ed asever\u00f3 que no todo est\u00e1 perdido, ya que seg\u00fan \u00e9l a\u00fan se puede aspirar a los primeros lugares.\u00a0 \u201cSabemos que todav\u00eda podemos revertir esta situaci\u00f3n, se encuentra en\u00a0 nuestras manos, vamos a trabajar de la mejor manera en la semana y buscaremos sumar de a tres en el pr\u00f3ximo cotejo\u201d, indic\u00f3 el jugador sudamericano.<\/p>\n<p>\u00a0<\/p>\n<p>Por ahora, Walter ya le dio vuelta a la p\u00e1gina, y ahora piensan en Monarcas Morelia, un rival que aparentemente est\u00e1 a modo, ya que se encuentra en el \u00faltimo lugar del certamen, y adem\u00e1s Pachuca fungir\u00e1 como local, ante dicha situaci\u00f3n Ayov\u00ed explic\u00f3:\u00a0 \u201clo importante es pensar en el partido que se viene, sabemos que nos quedan siete fechas; la ideas es sumar y llegar a la posici\u00f3n que anhelamos, vamos a trabaja para eso\u201d, enfatiz\u00f3 Walter., sentenci\u00f3 el atacante de los Tuzos.<\/p>\n<p>\u00a0<\/p>\n<p>De no ganar este fin de semana, es muy probable que la \u201ccabeza\u201d de Diego Alonso est\u00e9 en juego, luego de que el equipo no levanta desde que inici\u00f3 la competencia.<\/p>\n<p>\u00a0<\/p>\n<p>\u00a0<\/p>\n<p>\u00a0<\/p>\n","protected":false},"excerpt":{"rendered":"<p>A\u00daN EXISTE OPTIMISMO EN LA MADRIGUERA Walter Ayov\u00ed reconoci\u00f3 el p\u00e9simo momento de Pachuca, sin embargo, el ecuatoriano espera que la malaria se termine y los Tuzos tengan opciones de liguilla Este s\u00e1bado, Pachuca se medir\u00e1 ante Monarcas Morelia, el peor equipo de la Liga Mx<\/p>\n","protected":false},"author":93,"featured_media":0,"comment_status":"open","ping_status":"open","sticky":false,"template":"","format":"standard","meta":{"footnotes":""},"categories":[39],"tags":[],"class_list":["post-2398","post","type-post","status-publish","format-standard","hentry","category-deportiva"],"_links":{"self":[{"href":"https:\/\/plazajuarez.mx\/historico\/wp-json\/wp\/v2\/posts\/2398","targetHints":{"allow":["GET"]}}],"collection":[{"href":"https:\/\/plazajuarez.mx\/historico\/wp-json\/wp\/v2\/posts"}],"about":[{"href":"https:\/\/plazajuarez.mx\/historico\/wp-json\/wp\/v2\/types\/post"}],"author":[{"embeddable":true,"href":"https:\/\/plazajuarez.mx\/historico\/wp-json\/wp\/v2\/users\/93"}],"replies":[{"embeddable":true,"href":"https:\/\/plazajuarez.mx\/historico\/wp-json\/wp\/v2\/comments?post=2398"}],"version-history":[{"count":0,"href":"https:\/\/plazajuarez.mx\/historico\/wp-json\/wp\/v2\/posts\/2398\/revisions"}],"wp:attachment":[{"href":"https:\/\/plazajuarez.mx\/historico\/wp-json\/wp\/v2\/media?parent=2398"}],"wp:term":[{"taxonomy":"category","embeddable":true,"href":"https:\/\/plazajuarez.mx\/historico\/wp-json\/wp\/v2\/categories?post=2398"},{"taxonomy":"post_tag","embeddable":true,"href":"https:\/\/plazajuarez.mx\/historico\/wp-json\/wp\/v2\/tags?post=2398"}],"curies":[{"name":"wp","href":"https:\/\/api.w.org\/{rel}","templated":true}]}}