{"id":239758,"date":"2022-11-25T17:32:07","date_gmt":"2022-11-25T23:32:07","guid":{"rendered":"https:\/\/plazajuarez.mx\/?p=239758"},"modified":"2022-11-25T17:32:13","modified_gmt":"2022-11-25T23:32:13","slug":"estados-unidos-sale-a-gastar-en-el-black-friday-con-la-economia-en-mente","status":"publish","type":"post","link":"https:\/\/plazajuarez.mx\/historico\/estados-unidos-sale-a-gastar-en-el-black-friday-con-la-economia-en-mente\/","title":{"rendered":"Estados Unidos sale a gastar en el Black Friday con la econom\u00eda en mente"},"content":{"rendered":"\n<p>Estados Unidos sale a gastar este viernes en el Black Friday, el m\u00e1s destacado de varios d\u00edas de fiebre consumista que siguen al tradicional D\u00eda de Acci\u00f3n de Gracias, pero en el que este a\u00f1o la inflaci\u00f3n y el temor a la recesi\u00f3n ponen a prueba el atractivo de los descuentos del sector minorista.<\/p>\n\n\n\n<p>Los primeros datos revelan que hay buen \u00e1nimo, ya que este jueves, despu\u00e9s de comer el pavo asado, los estadounidenses gastaron 5.290 millones en compras por internet, un r\u00e9cord que supera en un 2,9 % la cifra de ese d\u00eda el a\u00f1o pasado, seg\u00fan divulg\u00f3 hoy la firma de an\u00e1lisis especializada Adobe Analytics.<\/p>\n\n\n\n<p>Algunos compradores acudieron hoy tan pronto como a las 5 o 6 de la ma\u00f1ana a los grandes almacenes de Nueva York, pero los medios locales se\u00f1alaban que no hab\u00eda grandes filas como otros a\u00f1os, lo que puede indicar que el tr\u00e1fico en las tiendas no es fuerte pero tambi\u00e9n que la gente est\u00e1 siendo prudente.<\/p>\n\n\n\n<p>Las cifras totales del &#8220;viernes negro&#8221;, tanto las del gasto en las tiendas f\u00edsicas como las &#8220;online&#8221;, tardar\u00e1n en conocerse, pero esa compa\u00f1\u00eda templa las expectativas en cuanto al comercio electr\u00f3nico, su especialidad, estimando unos 9.000 millones para este d\u00eda, lo que supondr\u00eda un incremento de solo el 1 %.<\/p>\n\n\n\n<p><strong>M\u00c1S COMPRADORES, MENOS GASTO MEDIO<\/strong><\/p>\n\n\n\n<p>Se espera que m\u00e1s de 166 millones de estadounidenses, una cifra nunca vista, vayan de compras entre el jueves y el conocido como Ciber Lunes, pero tambi\u00e9n que gasten menos que el a\u00f1o pasado, con una media de 833 d\u00f3lares frente a los 998 de 2021, seg\u00fan las previsiones de la Federaci\u00f3n Nacional de Minoristas (NRF).<\/p>\n\n\n\n<p>Y es que la persistente inflaci\u00f3n ha reducido notablemente el poder adquisitivo de los compradores en EE.UU., que este octubre vieron un atisbo de moderaci\u00f3n en la subida de los precios pero a\u00fan as\u00ed fue del 7,7 % interanual, lo que previsiblemente obligar\u00e1 a muchos a ajustarse el cintur\u00f3n y ce\u00f1irse a los chollos.<\/p>\n\n\n\n<p>De ello son conscientes los grandes almacenes nacionales, desde Macy&#8217;s hasta Target, Nordstrom o Kohl&#8217;s, que dieron cuenta de unos resultados flojos en octubre y principios de noviembre, y que generalmente han rebajado sus previsiones de negocio para el \u00faltimo trimestre del a\u00f1o, el m\u00e1s importante.<\/p>\n\n\n\n<p>La patronal minorista anticipa el mayor n\u00famero de compradores en el Black Friday, que supone el inicio no oficial de la temporada de Navidad y es el d\u00eda m\u00e1s popular, aunque cada vez gana m\u00e1s terreno el Ciber Lunes dedicado a las ofertas del comercio electr\u00f3nico, sobre todo tras la pandemia de covid-19 en 2020.<\/p>\n\n\n\n<p><strong>B\u00daSQUEDA ADELANTADA<\/strong><\/p>\n\n\n\n<p>Debido a los problemas en la cadena de suministro y el aumento en los inventarios, los minoristas han estado ofreciendo promociones desde hace semanas, lo que ha llevado a un 60 % de los consumidores a adelantar su b\u00fasqueda y compra de regalos a principios de noviembre, e incluso a octubre, seg\u00fan la NRF.<\/p>\n\n\n\n<p>Las categor\u00edas que m\u00e1s recaudan habitualmente, porque son las que la gente m\u00e1s regala, son la ropa, las tarjetas de regalo y los juguetes, mientras que las mayores promociones este a\u00f1o son las de los juguetes, rebajados en un 34 %, y las de los aparatos electr\u00f3nicos, un 27 %, indica Adobe.<\/p>\n\n\n\n<p>Por otra parte, la patronal destaca la preferencia de los estadounidenses por las tarjetas de regalo, que suelen ser para restaurantes, grandes almacenes o servicios y bienes, y de las que se espera una recaudaci\u00f3n superior a la del a\u00f1o pasado, que fue de 28.100 millones de d\u00f3lares.<\/p>\n","protected":false},"excerpt":{"rendered":"<p>Estados Unidos sale a gastar este viernes en el Black Friday, el m\u00e1s destacado de varios d\u00edas de fiebre consumista que siguen al tradicional D\u00eda de Acci\u00f3n de Gracias, pero en el que este a\u00f1o la inflaci\u00f3n y el temor a la recesi\u00f3n ponen a prueba el atractivo de los descuentos del sector minorista. Los [&hellip;]<\/p>\n","protected":false},"author":80,"featured_media":239759,"comment_status":"closed","ping_status":"closed","sticky":false,"template":"","format":"standard","meta":{"footnotes":""},"categories":[31],"tags":[],"class_list":["post-239758","post","type-post","status-publish","format-standard","has-post-thumbnail","hentry","category-orbe"],"_links":{"self":[{"href":"https:\/\/plazajuarez.mx\/historico\/wp-json\/wp\/v2\/posts\/239758","targetHints":{"allow":["GET"]}}],"collection":[{"href":"https:\/\/plazajuarez.mx\/historico\/wp-json\/wp\/v2\/posts"}],"about":[{"href":"https:\/\/plazajuarez.mx\/historico\/wp-json\/wp\/v2\/types\/post"}],"author":[{"embeddable":true,"href":"https:\/\/plazajuarez.mx\/historico\/wp-json\/wp\/v2\/users\/80"}],"replies":[{"embeddable":true,"href":"https:\/\/plazajuarez.mx\/historico\/wp-json\/wp\/v2\/comments?post=239758"}],"version-history":[{"count":0,"href":"https:\/\/plazajuarez.mx\/historico\/wp-json\/wp\/v2\/posts\/239758\/revisions"}],"wp:featuredmedia":[{"embeddable":true,"href":"https:\/\/plazajuarez.mx\/historico\/wp-json\/wp\/v2\/media\/239759"}],"wp:attachment":[{"href":"https:\/\/plazajuarez.mx\/historico\/wp-json\/wp\/v2\/media?parent=239758"}],"wp:term":[{"taxonomy":"category","embeddable":true,"href":"https:\/\/plazajuarez.mx\/historico\/wp-json\/wp\/v2\/categories?post=239758"},{"taxonomy":"post_tag","embeddable":true,"href":"https:\/\/plazajuarez.mx\/historico\/wp-json\/wp\/v2\/tags?post=239758"}],"curies":[{"name":"wp","href":"https:\/\/api.w.org\/{rel}","templated":true}]}}