{"id":239754,"date":"2022-11-25T17:25:07","date_gmt":"2022-11-25T23:25:07","guid":{"rendered":"https:\/\/plazajuarez.mx\/?p=239754"},"modified":"2022-11-25T17:25:13","modified_gmt":"2022-11-25T23:25:13","slug":"marchan-por-la-eliminacion-de-la-violencia-contra-la-mujer","status":"publish","type":"post","link":"https:\/\/plazajuarez.mx\/historico\/marchan-por-la-eliminacion-de-la-violencia-contra-la-mujer\/","title":{"rendered":"Marchan por la Eliminaci\u00f3n de la Violencia contra la Mujer"},"content":{"rendered":"\n<p>Mujeres feministas representantes de diferentes colectivos, iniciaron la protesta por el 25N en punto de las 15:47, desde la Glorieta de la Mujeres que Luchan.<\/p>\n\n\n\n<p>Encabezan la protesta v\u00edctimas de la violencia de g\u00e9nero, quienes cantaron previo a comenzar la marcha.<\/p>\n\n\n\n<p>Se espera que vayan saliendo m\u00e1s contingentes con el paso de las horas para que todos converjan en la plancha del Z\u00f3calo.<\/p>\n\n\n\n<p>Previo a iniciar comenzaron a arribar m\u00e1s mujeres provenientes del Monumento a la Revoluci\u00f3n.<\/p>\n\n\n\n<p>&#8220;Arriba el feminismo que va a vencer&#8221;, gritaron para motivarse, para convencerse m\u00e1s de que est\u00e1n marcando un cambio en la sociedad.<\/p>\n\n\n\n<p>Al punto arribaron encapuchadas quienes se sumaron sigilosamente al contingente.<\/p>\n","protected":false},"excerpt":{"rendered":"<p>Mujeres feministas representantes de diferentes colectivos, iniciaron la protesta por el 25N en punto de las 15:47, desde la Glorieta de la Mujeres que Luchan. Encabezan la protesta v\u00edctimas de la violencia de g\u00e9nero, quienes cantaron previo a comenzar la marcha. Se espera que vayan saliendo m\u00e1s contingentes con el paso de las horas para [&hellip;]<\/p>\n","protected":false},"author":81,"featured_media":239756,"comment_status":"closed","ping_status":"closed","sticky":false,"template":"","format":"standard","meta":{"footnotes":""},"categories":[15,36,2160],"tags":[],"class_list":["post-239754","post","type-post","status-publish","format-standard","has-post-thumbnail","hentry","category-destacadas","category-nacion","category-noticias-de-la-ciudad-de-mexico"],"_links":{"self":[{"href":"https:\/\/plazajuarez.mx\/historico\/wp-json\/wp\/v2\/posts\/239754","targetHints":{"allow":["GET"]}}],"collection":[{"href":"https:\/\/plazajuarez.mx\/historico\/wp-json\/wp\/v2\/posts"}],"about":[{"href":"https:\/\/plazajuarez.mx\/historico\/wp-json\/wp\/v2\/types\/post"}],"author":[{"embeddable":true,"href":"https:\/\/plazajuarez.mx\/historico\/wp-json\/wp\/v2\/users\/81"}],"replies":[{"embeddable":true,"href":"https:\/\/plazajuarez.mx\/historico\/wp-json\/wp\/v2\/comments?post=239754"}],"version-history":[{"count":0,"href":"https:\/\/plazajuarez.mx\/historico\/wp-json\/wp\/v2\/posts\/239754\/revisions"}],"wp:featuredmedia":[{"embeddable":true,"href":"https:\/\/plazajuarez.mx\/historico\/wp-json\/wp\/v2\/media\/239756"}],"wp:attachment":[{"href":"https:\/\/plazajuarez.mx\/historico\/wp-json\/wp\/v2\/media?parent=239754"}],"wp:term":[{"taxonomy":"category","embeddable":true,"href":"https:\/\/plazajuarez.mx\/historico\/wp-json\/wp\/v2\/categories?post=239754"},{"taxonomy":"post_tag","embeddable":true,"href":"https:\/\/plazajuarez.mx\/historico\/wp-json\/wp\/v2\/tags?post=239754"}],"curies":[{"name":"wp","href":"https:\/\/api.w.org\/{rel}","templated":true}]}}