{"id":239750,"date":"2022-11-25T17:18:03","date_gmt":"2022-11-25T23:18:03","guid":{"rendered":"https:\/\/plazajuarez.mx\/?p=239750"},"modified":"2022-11-25T17:18:10","modified_gmt":"2022-11-25T23:18:10","slug":"muere-hector-bonilla","status":"publish","type":"post","link":"https:\/\/plazajuarez.mx\/historico\/muere-hector-bonilla\/","title":{"rendered":"Muere H\u00e9ctor Bonilla"},"content":{"rendered":"\n<p>Este viernes falleci\u00f3 el actor H\u00e9ctor Bonilla, report\u00f3 la Secretar\u00eda de Cultura del gobierno federal en su cuenta oficial de Twitter.<\/p>\n\n\n\n<p>&#8220;La Secretar\u00eda de Cultura lamenta profundamente el fallecimiento del actor H\u00e9ctor Bonilla, egresado de la Escuela de Arte Teatral del INBAL y considerado uno de los mejores actores de M\u00e9xico. Se desarroll\u00f3 en teatro, televisi\u00f3n y cine, donde particip\u00f3 en filmes como Rojo amanecer&#8221;, se lee en el tuit publicado poco antes de las 17:00 horas de este viernes.<\/p>\n\n\n\n<blockquote class=\"twitter-tweet\"><p lang=\"zxx\" dir=\"ltr\"><a href=\"https:\/\/t.co\/LkyMSoj6O4\">pic.twitter.com\/LkyMSoj6O4<\/a><\/p>&mdash; Fernando Bonilla (@fdobonilla) <a href=\"https:\/\/twitter.com\/fdobonilla\/status\/1596276833313775617?ref_src=twsrc%5Etfw\">November 25, 2022<\/a><\/blockquote> <script async src=\"https:\/\/platform.twitter.com\/widgets.js\" charset=\"utf-8\"><\/script>\n","protected":false},"excerpt":{"rendered":"<p>Este viernes falleci\u00f3 el actor H\u00e9ctor Bonilla, report\u00f3 la Secretar\u00eda de Cultura del gobierno federal en su cuenta oficial de Twitter. &#8220;La Secretar\u00eda de Cultura lamenta profundamente el fallecimiento del actor H\u00e9ctor Bonilla, egresado de la Escuela de Arte Teatral del INBAL y considerado uno de los mejores actores de M\u00e9xico. Se desarroll\u00f3 en teatro, [&hellip;]<\/p>\n","protected":false},"author":81,"featured_media":239751,"comment_status":"closed","ping_status":"closed","sticky":false,"template":"","format":"standard","meta":{"footnotes":""},"categories":[41,15,36,2160,2166],"tags":[],"class_list":["post-239750","post","type-post","status-publish","format-standard","has-post-thumbnail","hentry","category-arteria-cultural","category-destacadas","category-nacion","category-noticias-de-la-ciudad-de-mexico","category-viral"],"_links":{"self":[{"href":"https:\/\/plazajuarez.mx\/historico\/wp-json\/wp\/v2\/posts\/239750","targetHints":{"allow":["GET"]}}],"collection":[{"href":"https:\/\/plazajuarez.mx\/historico\/wp-json\/wp\/v2\/posts"}],"about":[{"href":"https:\/\/plazajuarez.mx\/historico\/wp-json\/wp\/v2\/types\/post"}],"author":[{"embeddable":true,"href":"https:\/\/plazajuarez.mx\/historico\/wp-json\/wp\/v2\/users\/81"}],"replies":[{"embeddable":true,"href":"https:\/\/plazajuarez.mx\/historico\/wp-json\/wp\/v2\/comments?post=239750"}],"version-history":[{"count":0,"href":"https:\/\/plazajuarez.mx\/historico\/wp-json\/wp\/v2\/posts\/239750\/revisions"}],"wp:featuredmedia":[{"embeddable":true,"href":"https:\/\/plazajuarez.mx\/historico\/wp-json\/wp\/v2\/media\/239751"}],"wp:attachment":[{"href":"https:\/\/plazajuarez.mx\/historico\/wp-json\/wp\/v2\/media?parent=239750"}],"wp:term":[{"taxonomy":"category","embeddable":true,"href":"https:\/\/plazajuarez.mx\/historico\/wp-json\/wp\/v2\/categories?post=239750"},{"taxonomy":"post_tag","embeddable":true,"href":"https:\/\/plazajuarez.mx\/historico\/wp-json\/wp\/v2\/tags?post=239750"}],"curies":[{"name":"wp","href":"https:\/\/api.w.org\/{rel}","templated":true}]}}