{"id":239747,"date":"2022-11-25T17:08:21","date_gmt":"2022-11-25T23:08:21","guid":{"rendered":"https:\/\/plazajuarez.mx\/?p=239747"},"modified":"2022-11-25T17:08:27","modified_gmt":"2022-11-25T23:08:27","slug":"mexico-y-colombia-logran-acuerdos-concretos-tras-reunion-de-presidentes","status":"publish","type":"post","link":"https:\/\/plazajuarez.mx\/historico\/mexico-y-colombia-logran-acuerdos-concretos-tras-reunion-de-presidentes\/","title":{"rendered":"M\u00e9xico y Colombia logran \u201cacuerdos concretos\u201d tras reuni\u00f3n de presidentes"},"content":{"rendered":"\n<p>El presidente de Colombia, Gustavo Petro, asegur\u00f3 que en la reuni\u00f3n de este viernes con su hom\u00f3logo de M\u00e9xico, Andr\u00e9s Manuel L\u00f3pez Obrador, llegaron a \u201cacuerdos concretos\u201d entre ambas naciones en t\u00e9rminos de soberan\u00eda, integraci\u00f3n, desarrollo y migraci\u00f3n.<\/p>\n\n\n\n<p>\u201cHemos llegado a acuerdos concretos entre Colombia y M\u00e9xico en t\u00e9rminos de soberan\u00eda, integraci\u00f3n, desarrollo y migraci\u00f3n\u201d, se\u00f1al\u00f3 en su cuenta de Twitter el mandatario colombiano tras el encuentro en el Palacio Nacional de M\u00e9xico.<\/p>\n\n\n\n<p>Sin detallar a\u00fan los acuerdos, Petro afirm\u00f3 que tuvieron \u201choras de un encuentro fecundo\u201d con L\u00f3pez Obrador en su visita, la primera oficial que hace a M\u00e9xico.<\/p>\n\n\n\n<p>Por su parte, el mandatario mexicano se\u00f1al\u00f3 tambi\u00e9n en su cuenta de Twitter que \u201csi tuviese que resumir en una palabra c\u00f3mo es la relaci\u00f3n entre nuestros pueblos y con el Gobierno del presidente de Colombia, Gustavo Petro, dir\u00eda: hermandad\u201d.<\/p>\n\n\n\n<p>Los mandatarios resumieron as\u00ed el encuentro bilateral que sostuvieron este viernes en el Palacio Nacional.<\/p>\n\n\n\n<p>&#8220;Extraordinaria conversaci\u00f3n de los Presidentes Petro y L\u00f3pez Obrador. Se ensanchan los caminos de Am\u00e9rica Latina para un futuro mejor&#8221;, a\u00f1adi\u00f3 el canciller mexicano, Marcelo Ebrard.<\/p>\n\n\n\n<p>Aunque no dieron m\u00e1s detalles sobre los temas que trataron durante su conversaci\u00f3n, la noche del jueves, en una reuni\u00f3n privada a la que EFE tuvo acceso, Petro adelant\u00f3 que pedir\u00eda a M\u00e9xico unirse a una convocatoria para una reuni\u00f3n de alto nivel en Am\u00e9rica que cambie la pol\u00edtica de drogas de la regi\u00f3n.<\/p>\n\n\n\n<p>Tras esta reuni\u00f3n, Petro llevar\u00e1 a cabo una reuni\u00f3n ampliada de las delegaciones de Colombia y M\u00e9xico, adem\u00e1s de que se reunir\u00e1 en el Palacio de Gobierno de Ciudad de M\u00e9xico con la jefa de Gobierno de la capital, Claudia Sheinbaum.<\/p>\n\n\n\n<p>Igualmente ser\u00e1 declarado hu\u00e9sped distinguido de la Ciudad de M\u00e9xico y firmar\u00e1 el libro de visitantes ilustres.<\/p>\n\n\n\n<p>Se espera que Petro sostenga una reuni\u00f3n en el consulado de Colombia en Ciudad de M\u00e9xico, para una revisi\u00f3n personal del tema de la migraci\u00f3n.<\/p>\n","protected":false},"excerpt":{"rendered":"<p>El presidente de Colombia, Gustavo Petro, asegur\u00f3 que en la reuni\u00f3n de este viernes con su hom\u00f3logo de M\u00e9xico, Andr\u00e9s Manuel L\u00f3pez Obrador, llegaron a \u201cacuerdos concretos\u201d entre ambas naciones en t\u00e9rminos de soberan\u00eda, integraci\u00f3n, desarrollo y migraci\u00f3n. \u201cHemos llegado a acuerdos concretos entre Colombia y M\u00e9xico en t\u00e9rminos de soberan\u00eda, integraci\u00f3n, desarrollo y migraci\u00f3n\u201d, [&hellip;]<\/p>\n","protected":false},"author":80,"featured_media":239748,"comment_status":"closed","ping_status":"closed","sticky":false,"template":"","format":"standard","meta":{"footnotes":""},"categories":[15,36,31],"tags":[],"class_list":["post-239747","post","type-post","status-publish","format-standard","has-post-thumbnail","hentry","category-destacadas","category-nacion","category-orbe"],"_links":{"self":[{"href":"https:\/\/plazajuarez.mx\/historico\/wp-json\/wp\/v2\/posts\/239747","targetHints":{"allow":["GET"]}}],"collection":[{"href":"https:\/\/plazajuarez.mx\/historico\/wp-json\/wp\/v2\/posts"}],"about":[{"href":"https:\/\/plazajuarez.mx\/historico\/wp-json\/wp\/v2\/types\/post"}],"author":[{"embeddable":true,"href":"https:\/\/plazajuarez.mx\/historico\/wp-json\/wp\/v2\/users\/80"}],"replies":[{"embeddable":true,"href":"https:\/\/plazajuarez.mx\/historico\/wp-json\/wp\/v2\/comments?post=239747"}],"version-history":[{"count":0,"href":"https:\/\/plazajuarez.mx\/historico\/wp-json\/wp\/v2\/posts\/239747\/revisions"}],"wp:featuredmedia":[{"embeddable":true,"href":"https:\/\/plazajuarez.mx\/historico\/wp-json\/wp\/v2\/media\/239748"}],"wp:attachment":[{"href":"https:\/\/plazajuarez.mx\/historico\/wp-json\/wp\/v2\/media?parent=239747"}],"wp:term":[{"taxonomy":"category","embeddable":true,"href":"https:\/\/plazajuarez.mx\/historico\/wp-json\/wp\/v2\/categories?post=239747"},{"taxonomy":"post_tag","embeddable":true,"href":"https:\/\/plazajuarez.mx\/historico\/wp-json\/wp\/v2\/tags?post=239747"}],"curies":[{"name":"wp","href":"https:\/\/api.w.org\/{rel}","templated":true}]}}