{"id":239742,"date":"2022-11-25T15:45:21","date_gmt":"2022-11-25T21:45:21","guid":{"rendered":"https:\/\/plazajuarez.mx\/?p=239742"},"modified":"2022-11-25T15:45:28","modified_gmt":"2022-11-25T21:45:28","slug":"ramon-l-hernandez-salio-a-trabajar-lo-levantaron-y-esta-desaparecido","status":"publish","type":"post","link":"https:\/\/plazajuarez.mx\/historico\/ramon-l-hernandez-salio-a-trabajar-lo-levantaron-y-esta-desaparecido\/","title":{"rendered":"Ram\u00f3n L. Hern\u00e1ndez sali\u00f3 a trabajar, lo levantaron y est\u00e1 desaparecido"},"content":{"rendered":"\n<p>Un episodio muy amargo es el que vive la familia de Ram\u00f3n Luis Hern\u00e1ndez Castro, vecino y originario del municipio de Tizayuca, quien sali\u00f3 a trabajar pero lo levantaron y hasta el momento se encuentra desaparecido, por lo que se pide la colaboraci\u00f3n de las autoridades y de la ciudadan\u00eda para tratar de dar con su localizaci\u00f3n.<\/p>\n\n\n\n<p>Ram\u00f3n Luis cuenta con 46 a\u00f1os de edad tiene una estatura aproximada de 1.70 metros y la \u00faltima vez que se le vio fue el mi\u00e9rcoles 23 del mes y a\u00f1o en curso, en un taller de fibra de vidrio d\u00f3nde labora ubicado en la Colonia Nacozari.<\/p>\n\n\n\n<p>De ello se sabe que repentinamente tres personas dos hombres y una mujer entraron al taller donde laboraba, cuando se encontraba agachado cortando una placa y uno de los individuos lo tom\u00f3 del cuello lo amenaz\u00f3 con un arma de fuego y la mujer le jal\u00f3 los brazos hacia atr\u00e1s para esposarlo, finalmente lo subieron a un veh\u00edculo color gris, en el cual se dieron a la fuga con rumbo desconocido.<\/p>\n\n\n\n<p>A la hora de que se lo llevaron, Luis Hern\u00e1ndez, vest\u00eda con una bermuda de mezclilla color azul claro y una playera azul marino, con el logotipo NUBY.<\/p>\n\n\n\n<p>Los familiares de Ram\u00f3n Luis ya acudieron a presentar la denuncia correspondiente en la Procuradur\u00eda General de Justicia del estado de Hidalgo y solicitan que cualquier informaci\u00f3n que permita lograr la localizaci\u00f3n del afectado se haga llegar al n\u00famero de tel\u00e9fono 779 112 70 15.<\/p>\n","protected":false},"excerpt":{"rendered":"<p>Un episodio muy amargo es el que vive la familia de Ram\u00f3n Luis Hern\u00e1ndez Castro, vecino y originario del municipio de Tizayuca, quien sali\u00f3 a trabajar pero lo levantaron y hasta el momento se encuentra desaparecido, por lo que se pide la colaboraci\u00f3n de las autoridades y de la ciudadan\u00eda para tratar de dar con [&hellip;]<\/p>\n","protected":false},"author":93,"featured_media":239743,"comment_status":"closed","ping_status":"closed","sticky":false,"template":"","format":"standard","meta":{"footnotes":""},"categories":[37,15],"tags":[],"class_list":["post-239742","post","type-post","status-publish","format-standard","has-post-thumbnail","hentry","category-barandilla","category-destacadas"],"_links":{"self":[{"href":"https:\/\/plazajuarez.mx\/historico\/wp-json\/wp\/v2\/posts\/239742","targetHints":{"allow":["GET"]}}],"collection":[{"href":"https:\/\/plazajuarez.mx\/historico\/wp-json\/wp\/v2\/posts"}],"about":[{"href":"https:\/\/plazajuarez.mx\/historico\/wp-json\/wp\/v2\/types\/post"}],"author":[{"embeddable":true,"href":"https:\/\/plazajuarez.mx\/historico\/wp-json\/wp\/v2\/users\/93"}],"replies":[{"embeddable":true,"href":"https:\/\/plazajuarez.mx\/historico\/wp-json\/wp\/v2\/comments?post=239742"}],"version-history":[{"count":0,"href":"https:\/\/plazajuarez.mx\/historico\/wp-json\/wp\/v2\/posts\/239742\/revisions"}],"wp:featuredmedia":[{"embeddable":true,"href":"https:\/\/plazajuarez.mx\/historico\/wp-json\/wp\/v2\/media\/239743"}],"wp:attachment":[{"href":"https:\/\/plazajuarez.mx\/historico\/wp-json\/wp\/v2\/media?parent=239742"}],"wp:term":[{"taxonomy":"category","embeddable":true,"href":"https:\/\/plazajuarez.mx\/historico\/wp-json\/wp\/v2\/categories?post=239742"},{"taxonomy":"post_tag","embeddable":true,"href":"https:\/\/plazajuarez.mx\/historico\/wp-json\/wp\/v2\/tags?post=239742"}],"curies":[{"name":"wp","href":"https:\/\/api.w.org\/{rel}","templated":true}]}}