{"id":239717,"date":"2022-11-25T15:56:10","date_gmt":"2022-11-25T21:56:10","guid":{"rendered":"https:\/\/plazajuarez.mx\/?p=239717"},"modified":"2022-11-25T15:56:16","modified_gmt":"2022-11-25T21:56:16","slug":"la-fil-de-guadalajara-se-iniciara-el-sabado-con-el-reto-de-recuperar-lectores","status":"publish","type":"post","link":"https:\/\/plazajuarez.mx\/historico\/la-fil-de-guadalajara-se-iniciara-el-sabado-con-el-reto-de-recuperar-lectores\/","title":{"rendered":"La FIL de Guadalajara se iniciar\u00e1 el s\u00e1bado con el reto de recuperar lectores"},"content":{"rendered":"\n<p>La edici\u00f3n 36 de la Feria Internacional del Libro (FIL) de Guadalajara se iniciar\u00e1 este s\u00e1bado en M\u00e9xico con el reto de recuperar la asistencia y participaci\u00f3n editorial que ten\u00eda antes de la pandemia, de la mano de 600 autores como el rumano Mircea Cartarescu y personajes como el cantante Miguel Bos\u00e9.<\/p>\n\n\n\n<p>Durante nueve d\u00edas la FIL espera reunir al menos a 800.000 personas en torno a 620 presentaciones de libros, 3.000 actividades literarias, acad\u00e9micas y cient\u00edficas que se realizar\u00e1n en el recinto ferial y en diversos municipios del estado de Jalisco, en el occidente de M\u00e9xico, seg\u00fan los organizadores,<\/p>\n\n\n\n<p>Este a\u00f1o, la feria hablar\u00e1 \u00e1rabe con el emirato \u00e1rabe Sharjah como invitado de honor, que desplegar\u00e1 decenas de conversatorios y lecturas con sus autores, conciertos de m\u00fasica tradicional, una muestra gastron\u00f3mica, adem\u00e1s de la exposici\u00f3n de manuscritos antiguos \u201cArqueolog\u00eda, caligraf\u00eda y ornamentaci\u00f3n\u201d, que se inaugura este viernes.<\/p>\n\n\n\n<p>Con la entrega del Premio FIL de Literatura en Lenguas Romance 2022 al poeta rumano Mircea Cartarescu, la feria iniciar\u00e1 sus actividades, que se extender\u00e1n hasta el 4 de diciembre con una oferta de 400.000 t\u00edtulos de 1.500 editoriales provenientes de 34 pa\u00edses, que se exhibir\u00e1n en 43.000 metros cuadrados del centro de convenciones Expo Guadalajara.<\/p>\n\n\n\n<p>Autores como Elena Poniatowska, Sergio Ram\u00edrez, Leonardo Padura, Rosa Montero, el poeta sirio Adonis, Cristina Rivera-Garza, Gioconda Belli, Arturo P\u00e9rez-Reverte, la alemana Olga Grjasnowa, \u00c9lmer Mendoza , Juan Villoro y el sueco Jo\u00ebl Dicker, son algunos de los que conversar\u00e1n con sus lectores.<\/p>\n\n\n\n<p>La espa\u00f1ola Irene Vallejo y el argentino Alberto Manguel abrir\u00e1n el Sal\u00f3n Literario Carlos Fuentes y recibir\u00e1n la medalla que lleva el nombre del autor.<\/p>\n\n\n\n<p>Manguel recibir\u00e1 tambi\u00e9n el Homenaje al Bibli\u00f3filo.<\/p>\n\n\n\n<p>El cantante Miguel Bos\u00e9 presentar\u00e1 su libro \u201cHistoria secreta de mis mejores canciones\u201d, Arturo P\u00e9rez-Reverte hablar\u00e1 de su nueva novela \u201cRevoluci\u00f3n\u201d, el cubano Leonardo Padura comentar\u00e1 la nueva entrega de su personaje Miguel Conde \u201cPersonas decentes\u201d, y el historiador Enrique Krauze presentar\u00e1 su libro \u201cSpinoza en el Parque M\u00e9xico\u201d.<\/p>\n\n\n\n<p>La FIL ser\u00e1 el espacio para la entrega de galardones como el Premio de Literaturas Ind\u00edgenas de Am\u00e9rica, al escritor en lengua maya Luis Antonio Canch\u00e9 Brice\u00f1o; el Premio Sor Juana In\u00e9s de la Cruz, a la mexicana Daniela Tarazona; el Premio de Literatura Ciudad y Naturaleza Jos\u00e9 Emilio Pacheco ser\u00e1 para el poeta salvadore\u00f1o Jorge Gal\u00e1n, y el Premio SM de Literatura Infantil y Juvenil lo recibir\u00e1 el cubano Antonio Orlando Rodr\u00edguez.<\/p>\n","protected":false},"excerpt":{"rendered":"<p>La edici\u00f3n 36 de la Feria Internacional del Libro (FIL) de Guadalajara se iniciar\u00e1 este s\u00e1bado en M\u00e9xico con el reto de recuperar la asistencia y participaci\u00f3n editorial que ten\u00eda antes de la pandemia, de la mano de 600 autores como el rumano Mircea Cartarescu y personajes como el cantante Miguel Bos\u00e9. Durante nueve d\u00edas [&hellip;]<\/p>\n","protected":false},"author":80,"featured_media":239745,"comment_status":"closed","ping_status":"closed","sticky":false,"template":"","format":"standard","meta":{"footnotes":""},"categories":[15,36],"tags":[],"class_list":["post-239717","post","type-post","status-publish","format-standard","has-post-thumbnail","hentry","category-destacadas","category-nacion"],"_links":{"self":[{"href":"https:\/\/plazajuarez.mx\/historico\/wp-json\/wp\/v2\/posts\/239717","targetHints":{"allow":["GET"]}}],"collection":[{"href":"https:\/\/plazajuarez.mx\/historico\/wp-json\/wp\/v2\/posts"}],"about":[{"href":"https:\/\/plazajuarez.mx\/historico\/wp-json\/wp\/v2\/types\/post"}],"author":[{"embeddable":true,"href":"https:\/\/plazajuarez.mx\/historico\/wp-json\/wp\/v2\/users\/80"}],"replies":[{"embeddable":true,"href":"https:\/\/plazajuarez.mx\/historico\/wp-json\/wp\/v2\/comments?post=239717"}],"version-history":[{"count":0,"href":"https:\/\/plazajuarez.mx\/historico\/wp-json\/wp\/v2\/posts\/239717\/revisions"}],"wp:featuredmedia":[{"embeddable":true,"href":"https:\/\/plazajuarez.mx\/historico\/wp-json\/wp\/v2\/media\/239745"}],"wp:attachment":[{"href":"https:\/\/plazajuarez.mx\/historico\/wp-json\/wp\/v2\/media?parent=239717"}],"wp:term":[{"taxonomy":"category","embeddable":true,"href":"https:\/\/plazajuarez.mx\/historico\/wp-json\/wp\/v2\/categories?post=239717"},{"taxonomy":"post_tag","embeddable":true,"href":"https:\/\/plazajuarez.mx\/historico\/wp-json\/wp\/v2\/tags?post=239717"}],"curies":[{"name":"wp","href":"https:\/\/api.w.org\/{rel}","templated":true}]}}