{"id":2397,"date":"2015-03-18T06:00:00","date_gmt":"2015-03-18T06:00:00","guid":{"rendered":"http:\/\/plazajuarez.mx\/index\/index.php\/2015\/03\/18\/futbol-nacional-41\/"},"modified":"2015-03-18T06:00:00","modified_gmt":"2015-03-18T06:00:00","slug":"futbol-nacional-41","status":"publish","type":"post","link":"https:\/\/plazajuarez.mx\/historico\/futbol-nacional-41\/","title":{"rendered":"Futbol Nacional"},"content":{"rendered":"<p><strong>Chivas busca la final de la COPA MX<\/strong><\/p>\n<ul>\n<li>Hoy a las 20:30 horas <!--more--> <\/li>\n<\/ul>\n<p>El principal objetivo del semestre es evitar el descenso. Pero ahora, el Guadalajara se encuentra frente a la oportunidad de un t\u00edtulo.<\/p>\n<p>\u00a0<\/p>\n<p>Est\u00e1 a s\u00f3lo dos partidos de conquistar la COPA MX y, sin que fuera prioridad al arranque de la campa\u00f1a, este torneo ha tomado ahora una relevancia inesperada. Y para buscar ese trofeo, Chivas intentar\u00e1 dar el primer paso hoy, frente a Jaguares de Chiapas.<\/p>\n<p>\u00a0<\/p>\n<p>La semifinal de este certamen comenzar\u00e1 a las 20:30 horas, en el estadio Omnilife. El Reba\u00f1o Sagrado llega con una racha de 506 minutos sin recibir gol y contar\u00e1 con el apoyo de su afici\u00f3n para buscar el pase al encuentro definitivo. En la instancia de cuartos de final, dej\u00f3 fuera al Quer\u00e9taro en tanda de penales, tras igualar 0\u20110 en el tiempo regular.<\/p>\n<p>\u00a0<\/p>\n<p>Guadalajara no gana este torneo desde la temporada 1969\u201170, cuando se conoc\u00eda todav\u00eda como Copa M\u00e9xico. De esta forma, la oportunidad de conquistar un t\u00edtulo se asoma en el horizonte de forma imprevista.<\/p>\n<p>\u00a0<\/p>\n<p>\u201cEstamos muy motivados y contentos de que disputaremos una semifinal, ya que hace tiempo que el equipo no estaba en esta instancia. Hay que disfrutarlo y al mismo tiempo dar lo mejor de nosotros para aspirar a ganar y estar en la final\u201d, explica el mediocampista rojiblanco, Giovani Hern\u00e1ndez.<\/p>\n<p>Para el duelo ante Jaguares, se espera que el t\u00e9cnico Jos\u00e9 Manuel de la Torre mantenga el cuadro que ha venido jugando este torneo y s\u00f3lo en la banca habr\u00eda alg\u00fan elemento de los que disputan la LIGA MX, en caso de que necesite echar mano.<\/p>\n<p>\u201cSabemos que en este momento la competencia interna es muy exigente, por lo que ayuda y mucho estar jugando en la COPAMX, sobre todo para los que no estamos apareciendo en el cuadro titular de la LIGA. Ha sido importante para mantener el mejor ritmo futbol\u00edstico y para que el equipo obtenga los resultados que deseamos en ambos\u201d, a\u00f1ade Hern\u00e1ndez.<\/p>\n<p>***<\/p>\n<p><strong>\u00a0<\/strong><\/p>\n<p><strong>Aficionados de Cruz Azul piden la salida de Tena y &#8220;Billy&#8221; \u00c1lvarez<\/strong><\/p>\n<p>\u00a0<\/p>\n<p>Cruz Azul tuvo un inicio prometedor en el Clausura 2015, fue l\u00edder del torneo mexicano en la fecha 6 con 14 unidades, por encima del actual equipo que comanda la Liga MX, Xolos. Despu\u00e9s de esa fecha La M\u00e1quina liga cuatro partidos sin conocer la victoria y se ubican en el sexto sitio con 16 puntos.<\/p>\n<p>Los aficionados cementeros no est\u00e1n nada contentos con el sistema de juego de su equipo, porque la escuadra que dirige Luis Fernando Tena ha dejado escapar la victoria ante Chivas, Atlas y Le\u00f3n.<\/p>\n<p>En protesta ante los malos resultados exigen la salida del presidente del equipo, Guillermo &#8220;Billy&#8221; \u00c1lvarez y del actual t\u00e9cnico.<\/p>\n<p>A trav\u00e9s de las plataformas sociales de Twitter y de Facebook ha circulado un comunicado donde algunos aficionados exigen la renuncia de los directivos. Adem\u00e1s incitan al p\u00fablico a no asistir al estadio.<\/p>\n<p>&#8220;Se le exige firmemente a los altos dirigentes de Cooperativa La Cruz Azul que destituyan primeramente a Guillermo \u00c1lvarez Cuevas, seguido por Agust\u00edn Manzo Ponce y por ende al D.T Luis Fernando Tena&#8221;, se lee en el documento.<\/p>\n<p>\u00a0<\/p>\n<p>Cruz Azul no sale campe\u00f3n de la liga desde el Invierno 97, han pasado m\u00e1s de 16 a\u00f1os y los cementeros se han quedado cerca de obtener un t\u00edtulo, por lo que la afici\u00f3n exige un campeonato para terminar con la sequ\u00eda.<\/p>\n<p>***<\/p>\n<p><strong>Aficionado pernocta en estadio por boleto para el Veracruz\u2011Am\u00e9rica<\/strong><\/p>\n<p>\u00a0<\/p>\n<p>\u201cDicen que estoy loco\u201d por dormir afuera del estadio \u201cLuis \u2018Pirata\u2019 Fuente\u201d para conseguir un boleto, relata un ojeroso aficionado a los Tiburones Rojos de Veracruz que estar\u00e1 el viernes apoyando al equipo de sus amores cuando se enfrenten a las \u00c1guilas del Am\u00e9rica.<\/p>\n<p>Mauro M\u00e1rquez tiene 34 a\u00f1os y el lunes no se present\u00f3 a trabajar a la Aduana porque deb\u00eda conseguir sus entradas para el partido.<\/p>\n<p>La odisea por los pases de acceso comenz\u00f3 para Mauro el domingo, cuando decidi\u00f3, en compa\u00f1\u00eda de un amigo, pernoctar a afuera del estadio para esperar el lunes la apertura de la taquilla a los abonados y comprar sus boletos.<\/p>\n<p>Se sum\u00f3 a la fila el domingo a las 16:00 horas, relata que hab\u00eda un aproximado de 20 fan\u00e1ticos, todos compartiendo sus historias en torno a los Tiburones Rojos y su buen paso por la Liga Mx, cuesti\u00f3n que los hace ilusionarse.<\/p>\n<p>Las pr\u00f3ximas horas fueron complejas, relata, \u201cpas\u00e9 toda la noche en vela por el amor a la camisa, hubo mucho fr\u00edo y no dormimos, estuvieron algunos grupos divirti\u00e9ndonos, algunos bailando, otros platicando, otros tomando, cada quien haciendo diferentes cosas\u201d, todo en torno \u201cal Tibu\u201d.<\/p>\n<p>Ojeroso pero muy alegre con sus boletos en mano, despu\u00e9s de las 14:00 horas del lunes, Mauro dice, \u201cla idea es venir a divertirnos en grupo el viernes para ver el partido, el Tibur\u00f3n ha tenido buena temporada, vamos en segundo lugar, hay la esperanza de llegar a la liguilla y salvarnos del descenso\u201d.<\/p>\n<p>Otro de los motivos para asistir este viernes, es para ver a su \u00eddolo Gabriel Pe\u00f1alba quien, con su t\u00e9cnica y la capacidad de crear jugadas, ha seducido a los aficionados del buen futbol que destacan su corpulencia f\u00edsica, su altura y sobre todo, la habilidad de pisar el bal\u00f3n y enloquecer a los rivales.<\/p>\n<p>\u00a0<\/p>\n<p>Los volovanes, las hojaldras y las tortas fueron los principales compa\u00f1eros de los aficionados al tibur\u00f3n que pernoctaron afuera del estadio para conseguir su boleto del, quiz\u00e1s, el partido m\u00e1s esperado de la temporada.<\/p>\n<p>Finalmente, sobre los comentarios que emiten sus conocidos por no dormir en casa a cambio de un boleto del Tibur\u00f3n contra el Am\u00e9rica, Mauro culmina: \u201cmi familia dice que estoy loco\u201d.<\/p>\n","protected":false},"excerpt":{"rendered":"<p>Chivas busca la final de la COPA MX Hoy a las 20:30 horas<\/p>\n","protected":false},"author":93,"featured_media":0,"comment_status":"open","ping_status":"open","sticky":false,"template":"","format":"standard","meta":{"footnotes":""},"categories":[39],"tags":[],"class_list":["post-2397","post","type-post","status-publish","format-standard","hentry","category-deportiva"],"_links":{"self":[{"href":"https:\/\/plazajuarez.mx\/historico\/wp-json\/wp\/v2\/posts\/2397","targetHints":{"allow":["GET"]}}],"collection":[{"href":"https:\/\/plazajuarez.mx\/historico\/wp-json\/wp\/v2\/posts"}],"about":[{"href":"https:\/\/plazajuarez.mx\/historico\/wp-json\/wp\/v2\/types\/post"}],"author":[{"embeddable":true,"href":"https:\/\/plazajuarez.mx\/historico\/wp-json\/wp\/v2\/users\/93"}],"replies":[{"embeddable":true,"href":"https:\/\/plazajuarez.mx\/historico\/wp-json\/wp\/v2\/comments?post=2397"}],"version-history":[{"count":0,"href":"https:\/\/plazajuarez.mx\/historico\/wp-json\/wp\/v2\/posts\/2397\/revisions"}],"wp:attachment":[{"href":"https:\/\/plazajuarez.mx\/historico\/wp-json\/wp\/v2\/media?parent=2397"}],"wp:term":[{"taxonomy":"category","embeddable":true,"href":"https:\/\/plazajuarez.mx\/historico\/wp-json\/wp\/v2\/categories?post=2397"},{"taxonomy":"post_tag","embeddable":true,"href":"https:\/\/plazajuarez.mx\/historico\/wp-json\/wp\/v2\/tags?post=2397"}],"curies":[{"name":"wp","href":"https:\/\/api.w.org\/{rel}","templated":true}]}}