{"id":239689,"date":"2022-11-25T09:00:18","date_gmt":"2022-11-25T15:00:18","guid":{"rendered":"https:\/\/plazajuarez.mx\/?p=239689"},"modified":"2022-11-25T09:00:25","modified_gmt":"2022-11-25T15:00:25","slug":"rehabilitan-biblioteca-publica-sor-juana-ines-de-la-cruz","status":"publish","type":"post","link":"https:\/\/plazajuarez.mx\/historico\/rehabilitan-biblioteca-publica-sor-juana-ines-de-la-cruz\/","title":{"rendered":"Rehabilitan biblioteca p\u00fablica Sor Juana In\u00e9s de la Cruz"},"content":{"rendered":"\n<p>En Tula de Allende, resultado de un trabajo coordinado ser\u00e1 posible emprender trabajos de rehabilitaci\u00f3n en una biblioteca p\u00fablica. Ser\u00e1 la que lleva el nombre de sor Juana In\u00e9s de la Cruz, en la comunidad de Bomintzha, tambi\u00e9n conocida como la D\u00e9cima musa.&nbsp;<\/p>\n\n\n\n<p>Las labores las emprender\u00e1n en conjunto la presidencia municipal a cargo de Manuel Hern\u00e1ndez Badillo, y la empresa Cargil e incluir\u00e1n la remodelaci\u00f3n de ba\u00f1os, del r\u00f3tulo exterior de la biblioteca y una nueva instalaci\u00f3n el\u00e9ctrica.<\/p>\n\n\n\n<p>Independientemente de ello, la alcald\u00eda se encargar\u00e1, a trav\u00e9s de la Comisi\u00f3n de Agua Potable y Alcantarillado de Tula, de dotar de una nueva conexi\u00f3n de agua a este recinto fundamental para la comunidad estudiantil de Bomintzha, donde 75 por ciento de la poblaci\u00f3n es menor a los 29 a\u00f1os.<\/p>\n\n\n\n<p>En apoyo a los estudiantes de los distintos niveles en Tula de Allende, adem\u00e1s de la que lleva el nombre de sor Juana In\u00e9s de la Cruz existen otras seis bibliotecas denominadas Xipacoyan, Teamoxtlicalli, Xiteje de Zapata, San Huemac Marcos, Pioneros de Rochdale y Tlaja-Hio.<\/p>\n","protected":false},"excerpt":{"rendered":"<p>En Tula de Allende, resultado de un trabajo coordinado ser\u00e1 posible emprender trabajos de rehabilitaci\u00f3n en una biblioteca p\u00fablica. Ser\u00e1 la que lleva el nombre de sor Juana In\u00e9s de la Cruz, en la comunidad de Bomintzha, tambi\u00e9n conocida como la D\u00e9cima musa.&nbsp; Las labores las emprender\u00e1n en conjunto la presidencia municipal a cargo de [&hellip;]<\/p>\n","protected":false},"author":93,"featured_media":239690,"comment_status":"closed","ping_status":"closed","sticky":false,"template":"","format":"standard","meta":{"footnotes":""},"categories":[40],"tags":[],"class_list":["post-239689","post","type-post","status-publish","format-standard","has-post-thumbnail","hentry","category-region"],"_links":{"self":[{"href":"https:\/\/plazajuarez.mx\/historico\/wp-json\/wp\/v2\/posts\/239689","targetHints":{"allow":["GET"]}}],"collection":[{"href":"https:\/\/plazajuarez.mx\/historico\/wp-json\/wp\/v2\/posts"}],"about":[{"href":"https:\/\/plazajuarez.mx\/historico\/wp-json\/wp\/v2\/types\/post"}],"author":[{"embeddable":true,"href":"https:\/\/plazajuarez.mx\/historico\/wp-json\/wp\/v2\/users\/93"}],"replies":[{"embeddable":true,"href":"https:\/\/plazajuarez.mx\/historico\/wp-json\/wp\/v2\/comments?post=239689"}],"version-history":[{"count":0,"href":"https:\/\/plazajuarez.mx\/historico\/wp-json\/wp\/v2\/posts\/239689\/revisions"}],"wp:featuredmedia":[{"embeddable":true,"href":"https:\/\/plazajuarez.mx\/historico\/wp-json\/wp\/v2\/media\/239690"}],"wp:attachment":[{"href":"https:\/\/plazajuarez.mx\/historico\/wp-json\/wp\/v2\/media?parent=239689"}],"wp:term":[{"taxonomy":"category","embeddable":true,"href":"https:\/\/plazajuarez.mx\/historico\/wp-json\/wp\/v2\/categories?post=239689"},{"taxonomy":"post_tag","embeddable":true,"href":"https:\/\/plazajuarez.mx\/historico\/wp-json\/wp\/v2\/tags?post=239689"}],"curies":[{"name":"wp","href":"https:\/\/api.w.org\/{rel}","templated":true}]}}