{"id":239619,"date":"2022-11-24T14:28:36","date_gmt":"2022-11-24T20:28:36","guid":{"rendered":"https:\/\/plazajuarez.mx\/?p=239619"},"modified":"2022-11-24T14:30:55","modified_gmt":"2022-11-24T20:30:55","slug":"actividades_","status":"publish","type":"post","link":"https:\/\/plazajuarez.mx\/historico\/actividades_\/","title":{"rendered":"IEEH presenta Programa de Actividades en el marco de los 16 D\u00edas de Activismo contra la violencia hacia las mujeres"},"content":{"rendered":"\n<p>En el marco del &#8220;D\u00eda Internacional para la eliminaci\u00f3n de la violencia contra la mujer\u201d a conmemorarse el pr\u00f3ximo 25 de noviembre, el Instituto Estatal Electoral de Hidalgo (IEEH) en un trabajo coordinado con la Secretar\u00eda de Educaci\u00f3n P\u00fablica (SEPH) \u00a0a trav\u00e9s de la Subsecretar\u00eda de Educaci\u00f3n Media Superior y Superior;\u00a0la Secretar\u00eda de Medio Ambiente\u00a0y Recursos Naturales (SEMARNAT);\u00a0el\u00a0Congreso\u00a0Local;\u00a0el\u00a0Instituto Nacional Electoral (INE) a trav\u00e9s de\u00a0la Junta Local Ejecutiva;\u00a0el\u00a0Tribunal Superior de Justicia (TSJEH);\u00a0el\u00a0Tribunal Electoral (TEEH);\u00a0la\u00a0Procuradur\u00eda General de Justicia (PGJEH) a trav\u00e9s de la Fiscal\u00eda Especializada en Delitos Electorales\u00a0y el Instituto de Formaci\u00f3n Profesional;\u00a0la\u00a0Universidad Aut\u00f3noma del Estado Hidalgo (UAEH);\u00a0la\u00a0Universidad Humanista;\u00a0el\u00a0Instituto Tecnol\u00f3gico Latinoamericano (ITLA) y Casa P\u00e4di, present\u00f3 el Programa de Actividades \u201c16 D\u00edas de Activismo contra la violencia hacia las mujeres\u201d.<\/p>\n\n\n\n<p>Durante la presentaci\u00f3n, la Consejera Presidenta Mar\u00eda Magdalena Gonz\u00e1lez Escalona, destac\u00f3 que desde 2008 la&nbsp;Campa\u00f1a \u201c\u00daNETE de aqu\u00ed al 2030 para poner fin a la violencia contra las mujeres\u201d,&nbsp;impulsada por la Organizaci\u00f3n de las Naciones Unidas, hace un llamado para emprender medidas mundiales que mejoren la concientizaci\u00f3n e&nbsp;impulsen esfuerzos de promoci\u00f3n&nbsp;en el tema, por lo que en apoyo a esta iniciativa,&nbsp;surgieron los \u201c16&nbsp;D\u00edas de&nbsp;Activismo contra la violencia hacia las mujeres y ni\u00f1as\u201d, una campa\u00f1a internacional anual que inicia el 25 de noviembre y&nbsp;culmina&nbsp;el 10 de diciembre, D\u00eda de los Derechos Humanos.<\/p>\n\n\n\n<p>La Consejera Presidenta precis\u00f3, que durante este periodo de 16 d\u00edas,&nbsp;los Estados Parte y sus instituciones alrededor del mundo, organizaciones no gubernamentales, as\u00ed como organizaciones feministas, conjuntan&nbsp;esfuerzos para emprender&nbsp;acciones encaminadas a eliminar todo tipo de violencia que atente contra los derechos humanos de las mujeres y las ni\u00f1as; derivado de lo anterior, y en acompa\u00f1amiento de las 11 instituciones antes mencionadas, se dise\u00f1aron 25 actividades que ser\u00e1n desarrolladas durante este periodo de tiempo, entre las que destacan: Capacitaci\u00f3n a funcionarios p\u00fablicos, Conferencias Magistrales, Conversatorios, Paneles, Cine-Debates, la presentaci\u00f3n de una obra de teatro y una exposici\u00f3n fotogr\u00e1fica, entre otras, mencion\u00f3 adem\u00e1s, que dichas actividades fueron organizadas con la finalidad de sumar esfuerzos&nbsp;para visibilizar las condiciones de la violencia contra las mujeres y ni\u00f1as a trav\u00e9s de&nbsp;acciones que invitan&nbsp;al di\u00e1logo y la reflexi\u00f3n sobre la importancia de erradicar&nbsp;cualquier&nbsp;tipo de violencia&nbsp;en espacios p\u00fablicos y privados, particularmente, en el \u00e1mbito pol\u00edtico-electoral.<\/p>\n\n\n\n<p>Por su parte, Daniel Fragoso Torres, Subsecretario de Educaci\u00f3n Media Superior y Superior de la SEPH, comparti\u00f3 que gracias a las sinergias que desde el \u00e1mbito educativo se tejen con otras instituciones, en esta ocasi\u00f3n se lograr\u00e1 impactar a 400 j\u00f3venes de 10 instituciones educativas en el estado a trav\u00e9s del ejercicio de Cine-Debates, en los cuales, se abordar\u00e1n tem\u00e1ticas referentes a la eliminaci\u00f3n de cualquier tipo de violencia contra las mujeres y ni\u00f1as, codyuvando con esto a construir mejores ciudadanas y ciudadanos, mejores alumnos y mejores profesionistas.<\/p>\n\n\n\n<p>Asimismo, Fabi\u00e1n Hern\u00e1ndez Galicia, Titular del Instituto de Formaci\u00f3n Profesional de la PGJEH, precis\u00f3 que la Procuradur\u00eda se suma a este programa mediante la organizaci\u00f3n de un Congreso Internacional que, adem\u00e1s de contar con la exposici\u00f3n de ponentes nacionales e internacionales en materia judicial, tendr\u00e1 como eje principal la impartici\u00f3n y la procuraci\u00f3n de justicia mediante diversos foros, conferencias magistrales, la presentaci\u00f3n de una revista institucional y un dec\u00e1logo.<\/p>\n\n\n\n<p>Esta presentaci\u00f3n tambi\u00e9n cont\u00f3 con la participaci\u00f3n de las Consejeras y Consejeros Electorales de este Instituto Alfredo Alcal\u00e1 Monta\u00f1o, Guillermo Corrales Galv\u00e1n, Christian Uziel Garc\u00eda Reyes, Ariadna Gonz\u00e1lez Morales, Laura Aracely Lozada N\u00e1jera y Miriam Saray Pacheco Mart\u00ednez, quienes adem\u00e1s de&nbsp; detallar cada una de las actividades a desarrollarse, coincidieron en que la violencia pol\u00edtica contra las mujeres en raz\u00f3n de g\u00e9nero se ha convertido, lamentablemente, en una circunstancia generalizada en los Procesos Electorales, sin embargo, destacaron la importancia de reconocer que la violencia no se da \u00fanicamente en el espacio p\u00fablico, por lo que calificaron de trascendente la suma de esfuerzos que a trav\u00e9s de este Programa de Actividades se realiza con otras autoridades e instituciones educativas, subrayando que con estas acciones se da cuenta del compromiso de este Instituto con el tema.<\/p>\n\n\n\n<p>El Programa de Actividades \u201c16 D\u00edas de Activismo contra la violencia hacia las mujeres\u201d puede ser consultado en <a href=\"https:\/\/bit.ly\/3hYy6pJ\">https:\/\/bit.ly\/3hYy6pJ<\/a>, la siguiente actividad a desarrollarse ser\u00e1 la Conferencia Magistral: Violencia contra las mujeres y ni\u00f1as: su incremento en tiempos de pandemia, impartida por Leyla Ch\u00e1vez Arteaga, Feminista y Doctora en Ciencias Sociales, la cual se llevar\u00e1 a cabo en las instalaciones de la Universidad Polit\u00e9cnica de Tulancingo este 25 de noviembre a las 12:00 horas.<\/p>\n","protected":false},"excerpt":{"rendered":"<p>En el marco del &#8220;D\u00eda Internacional para la eliminaci\u00f3n de la violencia contra la mujer\u201d a conmemorarse el pr\u00f3ximo 25 de noviembre, el Instituto Estatal Electoral de Hidalgo (IEEH) en un trabajo coordinado con la Secretar\u00eda de Educaci\u00f3n P\u00fablica (SEPH) \u00a0a trav\u00e9s de la Subsecretar\u00eda de Educaci\u00f3n Media Superior y Superior;\u00a0la Secretar\u00eda de Medio Ambiente\u00a0y [&hellip;]<\/p>\n","protected":false},"author":93,"featured_media":239620,"comment_status":"closed","ping_status":"closed","sticky":false,"template":"","format":"standard","meta":{"footnotes":""},"categories":[15,59,2159],"tags":[],"class_list":["post-239619","post","type-post","status-publish","format-standard","has-post-thumbnail","hentry","category-destacadas","category-general","category-noticias-de-hidalgo"],"_links":{"self":[{"href":"https:\/\/plazajuarez.mx\/historico\/wp-json\/wp\/v2\/posts\/239619","targetHints":{"allow":["GET"]}}],"collection":[{"href":"https:\/\/plazajuarez.mx\/historico\/wp-json\/wp\/v2\/posts"}],"about":[{"href":"https:\/\/plazajuarez.mx\/historico\/wp-json\/wp\/v2\/types\/post"}],"author":[{"embeddable":true,"href":"https:\/\/plazajuarez.mx\/historico\/wp-json\/wp\/v2\/users\/93"}],"replies":[{"embeddable":true,"href":"https:\/\/plazajuarez.mx\/historico\/wp-json\/wp\/v2\/comments?post=239619"}],"version-history":[{"count":0,"href":"https:\/\/plazajuarez.mx\/historico\/wp-json\/wp\/v2\/posts\/239619\/revisions"}],"wp:featuredmedia":[{"embeddable":true,"href":"https:\/\/plazajuarez.mx\/historico\/wp-json\/wp\/v2\/media\/239620"}],"wp:attachment":[{"href":"https:\/\/plazajuarez.mx\/historico\/wp-json\/wp\/v2\/media?parent=239619"}],"wp:term":[{"taxonomy":"category","embeddable":true,"href":"https:\/\/plazajuarez.mx\/historico\/wp-json\/wp\/v2\/categories?post=239619"},{"taxonomy":"post_tag","embeddable":true,"href":"https:\/\/plazajuarez.mx\/historico\/wp-json\/wp\/v2\/tags?post=239619"}],"curies":[{"name":"wp","href":"https:\/\/api.w.org\/{rel}","templated":true}]}}