{"id":239615,"date":"2022-11-24T14:23:18","date_gmt":"2022-11-24T20:23:18","guid":{"rendered":"https:\/\/plazajuarez.mx\/?p=239615"},"modified":"2022-11-24T14:24:25","modified_gmt":"2022-11-24T20:24:25","slug":"carcel_","status":"publish","type":"post","link":"https:\/\/plazajuarez.mx\/historico\/carcel_\/","title":{"rendered":"C\u00e1rcel a quien publique, grabe y difunda cuerpos de personas fallecidas: Roc\u00edo Sosa"},"content":{"rendered":"\n<p>La diputada Roc\u00edo Sosa Jim\u00e9nez, en nombre del grupo legislativo del PRI, present\u00f3 la iniciativa que reforma el C\u00f3digo Penal estatal en materia de inhumaci\u00f3n y exhumaci\u00f3n.<\/p>\n\n\n\n<p>Sosa Jim\u00e9nez explic\u00f3 que el objetivo de su propuesta es \u00abactualizar&nbsp; e incluir los supuestos y punibilidades en los que se afecte el respeto y dignidad de las personas muertas, as\u00ed como tipificar aquellas conductas en las que se exponga, comercialice, distribuya, entre otros, a trav\u00e9s de cualquier medio el cad\u00e1ver de una persona, partes de \u00e9ste, sus restos o feto humano\u00bb.<\/p>\n\n\n\n<p>La diputada priista inform\u00f3 que tambi\u00e9n las circunstancias de la muerte o de las lesiones que \u00e9stos presentan, adem\u00e1s de su agravante cuando el delito sea cometido por cualquier servidor p\u00fablico o empleados privados de servicios de cementerios, funerarios, seguridad, salud o de emergencias\u00bb.<\/p>\n\n\n\n<p>Sosa Jim\u00e9nez expuso que \u00abla dignidad p\u00f3stuma se erige como el valor reconocido al cuerpo sin vida de la persona, el cual constituye su memoria y la de su red de relaciones significativas, de lo cual se deriva una actitud de respeto a sus valores, creencias, preferencias religiosas, ideol\u00f3gicas y \u00e9ticas, as\u00ed como de su integridad, tanto f\u00edsica como ideol\u00f3gica\u00bb.<\/p>\n\n\n\n<p>\u00abProducto de los sucesos que acontecen actualmente en el territorio nacional, circulan peri\u00f3dicos, diarios, p\u00e1ginas de internet, y otros medios de comunicaci\u00f3n donde se exhiben fotograf\u00edas, im\u00e1genes y videos que quedan a disposici\u00f3n de la ciudadan\u00eda, adem\u00e1s de la divulgaci\u00f3n de informaci\u00f3n personal\u00bb, precis\u00f3 Sosa Jim\u00e9nez.<\/p>\n\n\n\n<p>Este material expuesto, a\u00f1adi\u00f3, \u00abafecta el respeto que debe guardarse hacia la persona fallecida, ponen en peligro y en riesgo la dignidad del muerto, del cad\u00e1ver y de sus familiares quienes son los m\u00e1s vulnerables, debido a que se muestran como v\u00edctimas de la estigmatizaci\u00f3n por parte de la sociedad, al mismo tiempo que les provoca que la recuperaci\u00f3n por la muerte de su familiar o ser querido sea m\u00e1s dif\u00edcil de superar\u00bb sentenci\u00f3.&nbsp;<\/p>\n\n\n\n<p>Por tanto, explic\u00f3 la legisladora tricolor, esta propuesta contempla prisi\u00f3n a quien por cualquier medio y fuera de los supuestos autorizados por la Ley, comercialice, comparta, difunda, distribuya, entregue, exponga, env\u00ede, filme, fotograf\u00ede, intercambie, oferte, publique, remita, reproduzca, revele, transmita o videograbe el cad\u00e1ver de una persona, partes de \u00e9ste, sus restos o feto humano\u00bb.<\/p>\n\n\n\n<p>\u00abAs\u00ed como las circunstancias de la muerte o de las lesiones que \u00e9stos presentan, se le impondr\u00e1n de dos a cuatro a\u00f1os de prisi\u00f3n y multa de cieno a doscientas veces el valor diario de la Unidad de Medida y Actualizaci\u00f3n\u00bb, finaliz\u00f3.<\/p>\n","protected":false},"excerpt":{"rendered":"<p>La diputada Roc\u00edo Sosa Jim\u00e9nez, en nombre del grupo legislativo del PRI, present\u00f3 la iniciativa que reforma el C\u00f3digo Penal estatal en materia de inhumaci\u00f3n y exhumaci\u00f3n. Sosa Jim\u00e9nez explic\u00f3 que el objetivo de su propuesta es \u00abactualizar&nbsp; e incluir los supuestos y punibilidades en los que se afecte el respeto y dignidad de las [&hellip;]<\/p>\n","protected":false},"author":93,"featured_media":239616,"comment_status":"closed","ping_status":"closed","sticky":false,"template":"","format":"standard","meta":{"footnotes":""},"categories":[15,59,2159],"tags":[],"class_list":["post-239615","post","type-post","status-publish","format-standard","has-post-thumbnail","hentry","category-destacadas","category-general","category-noticias-de-hidalgo"],"_links":{"self":[{"href":"https:\/\/plazajuarez.mx\/historico\/wp-json\/wp\/v2\/posts\/239615","targetHints":{"allow":["GET"]}}],"collection":[{"href":"https:\/\/plazajuarez.mx\/historico\/wp-json\/wp\/v2\/posts"}],"about":[{"href":"https:\/\/plazajuarez.mx\/historico\/wp-json\/wp\/v2\/types\/post"}],"author":[{"embeddable":true,"href":"https:\/\/plazajuarez.mx\/historico\/wp-json\/wp\/v2\/users\/93"}],"replies":[{"embeddable":true,"href":"https:\/\/plazajuarez.mx\/historico\/wp-json\/wp\/v2\/comments?post=239615"}],"version-history":[{"count":0,"href":"https:\/\/plazajuarez.mx\/historico\/wp-json\/wp\/v2\/posts\/239615\/revisions"}],"wp:featuredmedia":[{"embeddable":true,"href":"https:\/\/plazajuarez.mx\/historico\/wp-json\/wp\/v2\/media\/239616"}],"wp:attachment":[{"href":"https:\/\/plazajuarez.mx\/historico\/wp-json\/wp\/v2\/media?parent=239615"}],"wp:term":[{"taxonomy":"category","embeddable":true,"href":"https:\/\/plazajuarez.mx\/historico\/wp-json\/wp\/v2\/categories?post=239615"},{"taxonomy":"post_tag","embeddable":true,"href":"https:\/\/plazajuarez.mx\/historico\/wp-json\/wp\/v2\/tags?post=239615"}],"curies":[{"name":"wp","href":"https:\/\/api.w.org\/{rel}","templated":true}]}}