{"id":239606,"date":"2022-11-24T14:07:37","date_gmt":"2022-11-24T20:07:37","guid":{"rendered":"https:\/\/plazajuarez.mx\/?p=239606"},"modified":"2022-11-24T14:07:42","modified_gmt":"2022-11-24T20:07:42","slug":"mexico_-3","status":"publish","type":"post","link":"https:\/\/plazajuarez.mx\/historico\/mexico_-3\/","title":{"rendered":"Los presidentes de M\u00e9xico y Ecuador buscan cerrar un acuerdo comercial"},"content":{"rendered":"\n<p>&nbsp;El presidente de M\u00e9xico, Andr\u00e9s Manuel L\u00f3pez Obrador, y su hom\u00f3logo de Ecuador, Guillermo Lasso, se reunieron en Ciudad de M\u00e9xico con el objetivo de cerrar las negociaciones de un acuerdo comercial entre sus pa\u00edses.<\/p>\n\n\n\n<p>Lasso, quien asumi\u00f3 su cargo en mayo de 2021, realiza su segunda visita oficial a M\u00e9xico tras la de en agosto del a\u00f1o pasado y su estancia en este pa\u00eds ser\u00e1 de menos de 24 horas, despu\u00e9s de llegar el mi\u00e9rcoles por la noche.<\/p>\n\n\n\n<p>Se espera que tras el encuentro ofrezcan una conferencia de prensa donde har\u00e1n una declaraci\u00f3n conjunta.<\/p>\n\n\n\n<p>Lasso mantuvo su visita a M\u00e9xico a pesar del aplazamiento de la cumbre presidencial de la Alianza del Pac\u00edfico, a la que ten\u00eda previsto asistir junto a su hom\u00f3logo de Costa Rica, Rodrigo Chaves, como los dos pa\u00edses que buscan ser miembros de este mecanismo formado por Chile, Colombia, M\u00e9xico y Per\u00fa.<\/p>\n\n\n\n<p>La suspensi\u00f3n de la cumbre de la Alianza del Pac\u00edfico que estaba programada para el viernes en Ciudad de M\u00e9xico se debi\u00f3 a la negativa del Congreso de Per\u00fa de permitir la asistencia del mandatario, Pedro Castillo.<\/p>\n\n\n\n<p>Sobre el Tratado Comercial con M\u00e9xico, para Ecuador es clave cerrarlo ya que es el requisito que le falta antes de ingresar en la Alianza del Pac\u00edfico y de manera paralela tambi\u00e9n negocia otro tratado comercial con Costa Rica.<\/p>\n\n\n\n<p>La \u00faltima ronda de las negociaciones entre Ecuador y M\u00e9xico estaba parada desde mayo, despu\u00e9s de que M\u00e9xico se opusiera a incluir en el tratado productos como el at\u00fan, el camar\u00f3n y el pl\u00e1tano, tres de los principales emblemas de las exportaciones ecuatorianas.<\/p>\n\n\n\n<p>Sin embargo, en octubre tanto Ecuador como M\u00e9xico acordaron &#8220;un di\u00e1logo permanente para buscar el cierre definitivo del acuerdo&#8221;, seg\u00fan indic\u00f3 la Canciller\u00eda ecuatoriana en un comunicado.<\/p>\n","protected":false},"excerpt":{"rendered":"<p>&nbsp;El presidente de M\u00e9xico, Andr\u00e9s Manuel L\u00f3pez Obrador, y su hom\u00f3logo de Ecuador, Guillermo Lasso, se reunieron en Ciudad de M\u00e9xico con el objetivo de cerrar las negociaciones de un acuerdo comercial entre sus pa\u00edses. Lasso, quien asumi\u00f3 su cargo en mayo de 2021, realiza su segunda visita oficial a M\u00e9xico tras la de en [&hellip;]<\/p>\n","protected":false},"author":80,"featured_media":239607,"comment_status":"closed","ping_status":"closed","sticky":false,"template":"","format":"standard","meta":{"footnotes":""},"categories":[36,31],"tags":[],"class_list":["post-239606","post","type-post","status-publish","format-standard","has-post-thumbnail","hentry","category-nacion","category-orbe"],"_links":{"self":[{"href":"https:\/\/plazajuarez.mx\/historico\/wp-json\/wp\/v2\/posts\/239606","targetHints":{"allow":["GET"]}}],"collection":[{"href":"https:\/\/plazajuarez.mx\/historico\/wp-json\/wp\/v2\/posts"}],"about":[{"href":"https:\/\/plazajuarez.mx\/historico\/wp-json\/wp\/v2\/types\/post"}],"author":[{"embeddable":true,"href":"https:\/\/plazajuarez.mx\/historico\/wp-json\/wp\/v2\/users\/80"}],"replies":[{"embeddable":true,"href":"https:\/\/plazajuarez.mx\/historico\/wp-json\/wp\/v2\/comments?post=239606"}],"version-history":[{"count":0,"href":"https:\/\/plazajuarez.mx\/historico\/wp-json\/wp\/v2\/posts\/239606\/revisions"}],"wp:featuredmedia":[{"embeddable":true,"href":"https:\/\/plazajuarez.mx\/historico\/wp-json\/wp\/v2\/media\/239607"}],"wp:attachment":[{"href":"https:\/\/plazajuarez.mx\/historico\/wp-json\/wp\/v2\/media?parent=239606"}],"wp:term":[{"taxonomy":"category","embeddable":true,"href":"https:\/\/plazajuarez.mx\/historico\/wp-json\/wp\/v2\/categories?post=239606"},{"taxonomy":"post_tag","embeddable":true,"href":"https:\/\/plazajuarez.mx\/historico\/wp-json\/wp\/v2\/tags?post=239606"}],"curies":[{"name":"wp","href":"https:\/\/api.w.org\/{rel}","templated":true}]}}