{"id":239603,"date":"2022-11-24T14:00:28","date_gmt":"2022-11-24T20:00:28","guid":{"rendered":"https:\/\/plazajuarez.mx\/?p=239603"},"modified":"2022-11-24T14:00:34","modified_gmt":"2022-11-24T20:00:34","slug":"danna_-2","status":"publish","type":"post","link":"https:\/\/plazajuarez.mx\/historico\/danna_-2\/","title":{"rendered":"Pareja de Danna Paola revela estado de salud de la cantante"},"content":{"rendered":"\n<p>Danna Paola, la llamada &#8220;Princesa del Pop&#8221;, revel\u00f3 anteriormente a sus fan\u00e1ticos que estaba pasando por momentos complicados, pues admiti\u00f3 que sufr\u00eda crisis de ansiedad, as\u00ed como de depresi\u00f3n, motivos que la llevar\u00edan a posponer su gira XT4S1S. Tras esto, es su pareja Alex Hoyer quien detall\u00f3 c\u00f3mo se encuentra actualmente la cantante.<\/p>\n\n\n\n<p>Fue en octubre cuando la int\u00e9rprete de \u201cSola\u201d public\u00f3 en sus redes sociales una fotograf\u00eda en la que dio los pormenores de la cancelaci\u00f3n, moment\u00e1nea, del show que dar\u00eda el 22 de ese mismo mes.<\/p>\n\n\n\n<p>\u201cMe estaba preocupando mucho, para m\u00ed es mega importante la calidad de un show y este es especial, es un espect\u00e1culo lleno de detalles que est\u00e1n tomando m\u00e1s tiempo de lo que pens\u00e1bamos; sin embargo, me trato de mantener fuerte\u201d, poste\u00f3.<\/p>\n\n\n\n<p>Danna se mostr\u00f3 vulnerable ante la situaci\u00f3n, ya que en la imagen apareci\u00f3 con algunas l\u00e1grimas en el rostro y agreg\u00f3: \u201cEstoy descubriendo muchas heridas emocionales de hace muchos a\u00f1os que no s\u00e9 por qu\u00e9 se est\u00e1n desbloqueando ahora mismo escuchando la letra de una canci\u00f3n y me pongo a llorar de la nada\u201d.<\/p>\n\n\n\n<p>Sus comentarios provocaron que diversos internautas le dieran mensajes de apoyo y cari\u00f1o. Si bien la famosa no dej\u00f3 muy claro que el estr\u00e9s de la gira fue lo que la llev\u00f3 a tomar la decisi\u00f3n de posponer el espect\u00e1culo, se especul\u00f3 que esa fue la raz\u00f3n.<\/p>\n\n\n\n<p>&#8212;Alex Hoyer Habla de Danna Paola<\/p>\n\n\n\n<p>Durante el proceso emocional de Danna, Hoyer fue su acompa\u00f1ante.<\/p>\n\n\n\n<p>El tambi\u00e9n artista coment\u00f3 a medios de comunicaci\u00f3n que su novia se encuentra mucho m\u00e1s tranquila: &#8220;Est\u00e1 muy bien. Est\u00e1 contenta de todo lo que est\u00e1 pasando alrededor de su gira y los shows han sido una locura&#8221;.<\/p>\n\n\n\n<p>Hoyer extern\u00f3 que en d\u00edas pasados vivieron momentos tensos, por lo que incluso tuvieron que hacer limpias de energ\u00eda debido a que sent\u00edan una carga pesada.<\/p>\n\n\n\n<p>\u201cPero ahora est\u00e1 mucho mejor; creo que era un desborde tambi\u00e9n de energ\u00eda de (Danna), esta emoci\u00f3n de estar en su primer tour, su primer Auditorio\u201d.<\/p>\n\n\n\n<p>Tambi\u00e9n admiti\u00f3 que la famosa ya tiene m\u00e1s controlado su show, ya que fue complicado hacerlo realidad.Por su parte, extern\u00f3 que se siente feliz de compartir su vida con la tambi\u00e9n actriz y dijo sentir orgullo por sus logros.<\/p>\n\n\n\n<p>&#8220;Es muy lindo poder estar ah\u00ed para ella, estar en esos momentos&#8221;, confes\u00f3.<\/p>\n","protected":false},"excerpt":{"rendered":"<p>Danna Paola, la llamada &#8220;Princesa del Pop&#8221;, revel\u00f3 anteriormente a sus fan\u00e1ticos que estaba pasando por momentos complicados, pues admiti\u00f3 que sufr\u00eda crisis de ansiedad, as\u00ed como de depresi\u00f3n, motivos que la llevar\u00edan a posponer su gira XT4S1S. Tras esto, es su pareja Alex Hoyer quien detall\u00f3 c\u00f3mo se encuentra actualmente la cantante. Fue en [&hellip;]<\/p>\n","protected":false},"author":81,"featured_media":239604,"comment_status":"closed","ping_status":"closed","sticky":false,"template":"","format":"standard","meta":{"footnotes":""},"categories":[38],"tags":[],"class_list":["post-239603","post","type-post","status-publish","format-standard","has-post-thumbnail","hentry","category-show"],"_links":{"self":[{"href":"https:\/\/plazajuarez.mx\/historico\/wp-json\/wp\/v2\/posts\/239603","targetHints":{"allow":["GET"]}}],"collection":[{"href":"https:\/\/plazajuarez.mx\/historico\/wp-json\/wp\/v2\/posts"}],"about":[{"href":"https:\/\/plazajuarez.mx\/historico\/wp-json\/wp\/v2\/types\/post"}],"author":[{"embeddable":true,"href":"https:\/\/plazajuarez.mx\/historico\/wp-json\/wp\/v2\/users\/81"}],"replies":[{"embeddable":true,"href":"https:\/\/plazajuarez.mx\/historico\/wp-json\/wp\/v2\/comments?post=239603"}],"version-history":[{"count":0,"href":"https:\/\/plazajuarez.mx\/historico\/wp-json\/wp\/v2\/posts\/239603\/revisions"}],"wp:featuredmedia":[{"embeddable":true,"href":"https:\/\/plazajuarez.mx\/historico\/wp-json\/wp\/v2\/media\/239604"}],"wp:attachment":[{"href":"https:\/\/plazajuarez.mx\/historico\/wp-json\/wp\/v2\/media?parent=239603"}],"wp:term":[{"taxonomy":"category","embeddable":true,"href":"https:\/\/plazajuarez.mx\/historico\/wp-json\/wp\/v2\/categories?post=239603"},{"taxonomy":"post_tag","embeddable":true,"href":"https:\/\/plazajuarez.mx\/historico\/wp-json\/wp\/v2\/tags?post=239603"}],"curies":[{"name":"wp","href":"https:\/\/api.w.org\/{rel}","templated":true}]}}