{"id":239597,"date":"2022-11-24T13:46:54","date_gmt":"2022-11-24T19:46:54","guid":{"rendered":"https:\/\/plazajuarez.mx\/?p=239597"},"modified":"2022-11-24T13:47:03","modified_gmt":"2022-11-24T19:47:03","slug":"gertz_","status":"publish","type":"post","link":"https:\/\/plazajuarez.mx\/historico\/gertz_\/","title":{"rendered":"Pide a Gertz agilizar entrega de bienes decomisados a delincuencia"},"content":{"rendered":"\n<p> El presidente Andr\u00e9s Manuel L\u00f3pez Obrador envi\u00f3 un &#8220;recado fraterno&#8221; al fiscal General de la Rep\u00fablica, Alejandro Gertz Manero, para que se agilice la entrega de bienes y numerario decomisados a la delincuencia organizada y de cuello blanco.<\/p>\n\n\n\n<p>&#8220;Voy a aprovechar para mandarle un recado fraterno al fiscal general porque ellos son los que nos entregan estos bienes y siempre \u00e9l nos ayuda, pero debe de haber ahora bastante y siempre ayuda, siempre ayuda&#8221;, dijo sonriendo.<\/p>\n\n\n\n<p>En conferencia de prensa, en Palacio Nacional, el Mandatario record\u00f3 que con el Tianguis del Bienestar todo lo confiscado como ropa, art\u00edculos para el hogar, deportivos, juguetes, entre otros se entrega a la gente m\u00e1s pobre.<\/p>\n\n\n\n<p>Se\u00f1al\u00f3 que hay muchos asuntos pendientes &#8220;bueno&#8221; \u2013agreg\u00f3- hasta los d\u00f3lares se tiene que ir a Canad\u00e1 a que los verifiquen si no tiene olor a droga o sangre.<\/p>\n\n\n\n<p>El presidente L\u00f3pez Obrador se\u00f1al\u00f3 que las pasadas administraciones quemaban las mercanc\u00edas decomisadas, porque eso significaba una competencia desleal al mercado.<\/p>\n\n\n\n<p>&#8220;Nosotros decimos no, son mercanc\u00edas buenas y se entrega a quienes m\u00e1s lo necesitan&#8221;.<\/p>\n","protected":false},"excerpt":{"rendered":"<p>El presidente Andr\u00e9s Manuel L\u00f3pez Obrador envi\u00f3 un &#8220;recado fraterno&#8221; al fiscal General de la Rep\u00fablica, Alejandro Gertz Manero, para que se agilice la entrega de bienes y numerario decomisados a la delincuencia organizada y de cuello blanco. &#8220;Voy a aprovechar para mandarle un recado fraterno al fiscal general porque ellos son los que nos [&hellip;]<\/p>\n","protected":false},"author":81,"featured_media":239598,"comment_status":"closed","ping_status":"closed","sticky":false,"template":"","format":"standard","meta":{"footnotes":""},"categories":[15,36],"tags":[],"class_list":["post-239597","post","type-post","status-publish","format-standard","has-post-thumbnail","hentry","category-destacadas","category-nacion"],"_links":{"self":[{"href":"https:\/\/plazajuarez.mx\/historico\/wp-json\/wp\/v2\/posts\/239597","targetHints":{"allow":["GET"]}}],"collection":[{"href":"https:\/\/plazajuarez.mx\/historico\/wp-json\/wp\/v2\/posts"}],"about":[{"href":"https:\/\/plazajuarez.mx\/historico\/wp-json\/wp\/v2\/types\/post"}],"author":[{"embeddable":true,"href":"https:\/\/plazajuarez.mx\/historico\/wp-json\/wp\/v2\/users\/81"}],"replies":[{"embeddable":true,"href":"https:\/\/plazajuarez.mx\/historico\/wp-json\/wp\/v2\/comments?post=239597"}],"version-history":[{"count":0,"href":"https:\/\/plazajuarez.mx\/historico\/wp-json\/wp\/v2\/posts\/239597\/revisions"}],"wp:featuredmedia":[{"embeddable":true,"href":"https:\/\/plazajuarez.mx\/historico\/wp-json\/wp\/v2\/media\/239598"}],"wp:attachment":[{"href":"https:\/\/plazajuarez.mx\/historico\/wp-json\/wp\/v2\/media?parent=239597"}],"wp:term":[{"taxonomy":"category","embeddable":true,"href":"https:\/\/plazajuarez.mx\/historico\/wp-json\/wp\/v2\/categories?post=239597"},{"taxonomy":"post_tag","embeddable":true,"href":"https:\/\/plazajuarez.mx\/historico\/wp-json\/wp\/v2\/tags?post=239597"}],"curies":[{"name":"wp","href":"https:\/\/api.w.org\/{rel}","templated":true}]}}