{"id":239594,"date":"2022-11-24T13:42:08","date_gmt":"2022-11-24T19:42:08","guid":{"rendered":"https:\/\/plazajuarez.mx\/?p=239594"},"modified":"2022-11-24T13:42:14","modified_gmt":"2022-11-24T19:42:14","slug":"pacifico_","status":"publish","type":"post","link":"https:\/\/plazajuarez.mx\/historico\/pacifico_\/","title":{"rendered":"Alianza del Pac\u00edfico se reunir\u00e1 en Lima, informa Marcelo Ebrard"},"content":{"rendered":"\n<p>El canciller Marcelo Ebrard inform\u00f3 que la reuni\u00f3n de la Alianza del Pac\u00edfico de realizar\u00e1 en Lima, Per\u00fa, aunque a\u00fan no definen la fecha.<\/p>\n\n\n\n<p>El encuentro programado para llevarse a cabo esta semana en M\u00e9xico fue cancelado porque el Congreso de Per\u00fa no autoriz\u00f3 la salida del mandatario Pedro Castillo, quien recibir\u00eda la presidencia pro tempore del mecanismo.<\/p>\n\n\n\n<p>&#8220;Vamos a tener pr\u00f3ximamente la fecha que nos van a aclarar nuestros mandatarios de la Cumbre, que no se realiz\u00f3 porque vamos a tener que ir a Lima, Per\u00fa, porque al presidente no le dieron permiso de salir&#8221;, expuso en la inauguraci\u00f3n de la IX Cumbre Empresarial de la Alianza del Pac\u00edfico.<\/p>\n\n\n\n<p>&#8220;Les invitaremos una vez que nuestros mandatarios nos indiquen la fecha en la que se llevar\u00e1 a cabo y seguir adelante, cualquiera que se la adversidad&#8221;, a\u00f1adi\u00f3 el funcionario.<\/p>\n\n\n\n<p>El canciller sostuvo que la Alianza del Pac\u00edfico funciona porque tienen solicitudes de otros pa\u00edses que quieren ingresar, como Ecuador, Costa Rica y Honduras, que tambi\u00e9n estuvieron presentes en el encuentro.<\/p>\n\n\n\n<p>&#8220;Pa\u00edses hermanos, ya mencionaba yo Ecuador, que como ustedes saben est\u00e1 en proceso; igualmente Costa Rica, que ha hecho valer y ha puesto sobre la mesa su intenci\u00f3n de entregarse a la Alianza del Pac\u00edfico, ser\u00e1 motivo de la agenda que vamos a ver; igualmente Honduras, quien tambi\u00e9n nos ha hecho saber el mismo prop\u00f3sito&#8221;, manifest\u00f3.<\/p>\n\n\n\n<p>Por ello, afirm\u00f3 que los trabajos que inician este jueves servir\u00e1n para darle continuidad al mecanismo.<\/p>\n\n\n\n<p>&#8220;Yo nada m\u00e1s a\u00f1adir\u00eda una cosa a las intervenciones de quienes me antecedieron, que ya dijeron todo lo sustantivo, que es &#8216;imaginemos&#8217;, dec\u00edas, &#8216;cosas chingonas&#8217;, yo dir\u00eda: &#8216;hagamos cosas chingonas'&#8221;.<\/p>\n","protected":false},"excerpt":{"rendered":"<p>El canciller Marcelo Ebrard inform\u00f3 que la reuni\u00f3n de la Alianza del Pac\u00edfico de realizar\u00e1 en Lima, Per\u00fa, aunque a\u00fan no definen la fecha. El encuentro programado para llevarse a cabo esta semana en M\u00e9xico fue cancelado porque el Congreso de Per\u00fa no autoriz\u00f3 la salida del mandatario Pedro Castillo, quien recibir\u00eda la presidencia pro [&hellip;]<\/p>\n","protected":false},"author":81,"featured_media":239595,"comment_status":"closed","ping_status":"closed","sticky":false,"template":"","format":"standard","meta":{"footnotes":""},"categories":[36],"tags":[],"class_list":["post-239594","post","type-post","status-publish","format-standard","has-post-thumbnail","hentry","category-nacion"],"_links":{"self":[{"href":"https:\/\/plazajuarez.mx\/historico\/wp-json\/wp\/v2\/posts\/239594","targetHints":{"allow":["GET"]}}],"collection":[{"href":"https:\/\/plazajuarez.mx\/historico\/wp-json\/wp\/v2\/posts"}],"about":[{"href":"https:\/\/plazajuarez.mx\/historico\/wp-json\/wp\/v2\/types\/post"}],"author":[{"embeddable":true,"href":"https:\/\/plazajuarez.mx\/historico\/wp-json\/wp\/v2\/users\/81"}],"replies":[{"embeddable":true,"href":"https:\/\/plazajuarez.mx\/historico\/wp-json\/wp\/v2\/comments?post=239594"}],"version-history":[{"count":0,"href":"https:\/\/plazajuarez.mx\/historico\/wp-json\/wp\/v2\/posts\/239594\/revisions"}],"wp:featuredmedia":[{"embeddable":true,"href":"https:\/\/plazajuarez.mx\/historico\/wp-json\/wp\/v2\/media\/239595"}],"wp:attachment":[{"href":"https:\/\/plazajuarez.mx\/historico\/wp-json\/wp\/v2\/media?parent=239594"}],"wp:term":[{"taxonomy":"category","embeddable":true,"href":"https:\/\/plazajuarez.mx\/historico\/wp-json\/wp\/v2\/categories?post=239594"},{"taxonomy":"post_tag","embeddable":true,"href":"https:\/\/plazajuarez.mx\/historico\/wp-json\/wp\/v2\/tags?post=239594"}],"curies":[{"name":"wp","href":"https:\/\/api.w.org\/{rel}","templated":true}]}}