{"id":239585,"date":"2022-11-24T12:49:11","date_gmt":"2022-11-24T18:49:11","guid":{"rendered":"https:\/\/plazajuarez.mx\/?p=239585"},"modified":"2022-11-24T12:49:16","modified_gmt":"2022-11-24T18:49:16","slug":"esposa-de-andres-guardado-invita-a-personal-de-trabajo-a-qatar","status":"publish","type":"post","link":"https:\/\/plazajuarez.mx\/historico\/esposa-de-andres-guardado-invita-a-personal-de-trabajo-a-qatar\/","title":{"rendered":"Esposa de Andr\u00e9s Guardado invita a personal de trabajo a Qatar"},"content":{"rendered":"\n<p>Luciana Ram\u00edrez, originaria de la localidad de Candelaria del municipio de Huejutla de Reyes, se encuentra disfrutando del Mundial de Qatar 2022.<\/p>\n\n\n\n<p>La mujer forma parte del personal de trabajo de Sandra de la Vega, esposa del jugador de la selecci\u00f3n mexicana, Andr\u00e9s Guardado. <\/p>\n\n\n\n<p>Por su parte, la influencer y esposa del futbolista ha compartido en sus redes sociales diversos videos y fotograf\u00edas en los que difunde al personal de trabajo que los acompa\u00f1a en Qatar 2022.<\/p>\n\n\n\n<p>Cabe mencionar que, De la Vega, public\u00f3 fotos de su familia y la trabajadora del hogar durante el partido de M\u00e9xico contra Polonia.<\/p>\n\n\n\n<p>Tambi\u00e9n se dio a conocer que Luciana Ram\u00edrez es huasteca, trabajadora y lleva muchos a\u00f1os laborando con Sandra de la Vega y Andr\u00e9s Guardado e incluso los ha acompa\u00f1ado en otros mundiales en a\u00f1os pasados.<\/p>\n","protected":false},"excerpt":{"rendered":"<p>Luciana Ram\u00edrez, originaria de la localidad de Candelaria del municipio de Huejutla de Reyes, se encuentra disfrutando del Mundial de Qatar 2022. La mujer forma parte del personal de trabajo de Sandra de la Vega, esposa del jugador de la selecci\u00f3n mexicana, Andr\u00e9s Guardado. Por su parte, la influencer y esposa del futbolista ha compartido [&hellip;]<\/p>\n","protected":false},"author":76,"featured_media":239586,"comment_status":"closed","ping_status":"closed","sticky":false,"template":"","format":"standard","meta":{"footnotes":""},"categories":[2159,40],"tags":[],"class_list":["post-239585","post","type-post","status-publish","format-standard","has-post-thumbnail","hentry","category-noticias-de-hidalgo","category-region"],"_links":{"self":[{"href":"https:\/\/plazajuarez.mx\/historico\/wp-json\/wp\/v2\/posts\/239585","targetHints":{"allow":["GET"]}}],"collection":[{"href":"https:\/\/plazajuarez.mx\/historico\/wp-json\/wp\/v2\/posts"}],"about":[{"href":"https:\/\/plazajuarez.mx\/historico\/wp-json\/wp\/v2\/types\/post"}],"author":[{"embeddable":true,"href":"https:\/\/plazajuarez.mx\/historico\/wp-json\/wp\/v2\/users\/76"}],"replies":[{"embeddable":true,"href":"https:\/\/plazajuarez.mx\/historico\/wp-json\/wp\/v2\/comments?post=239585"}],"version-history":[{"count":0,"href":"https:\/\/plazajuarez.mx\/historico\/wp-json\/wp\/v2\/posts\/239585\/revisions"}],"wp:featuredmedia":[{"embeddable":true,"href":"https:\/\/plazajuarez.mx\/historico\/wp-json\/wp\/v2\/media\/239586"}],"wp:attachment":[{"href":"https:\/\/plazajuarez.mx\/historico\/wp-json\/wp\/v2\/media?parent=239585"}],"wp:term":[{"taxonomy":"category","embeddable":true,"href":"https:\/\/plazajuarez.mx\/historico\/wp-json\/wp\/v2\/categories?post=239585"},{"taxonomy":"post_tag","embeddable":true,"href":"https:\/\/plazajuarez.mx\/historico\/wp-json\/wp\/v2\/tags?post=239585"}],"curies":[{"name":"wp","href":"https:\/\/api.w.org\/{rel}","templated":true}]}}