{"id":239517,"date":"2022-11-24T09:08:55","date_gmt":"2022-11-24T15:08:55","guid":{"rendered":"https:\/\/plazajuarez.mx\/?p=239517"},"modified":"2022-11-24T09:09:01","modified_gmt":"2022-11-24T15:09:01","slug":"concientizan-sobre-prevencion-de-accidentes-de-transito","status":"publish","type":"post","link":"https:\/\/plazajuarez.mx\/historico\/concientizan-sobre-prevencion-de-accidentes-de-transito\/","title":{"rendered":"Concientizan sobre prevenci\u00f3n\u00a0de accidentes de tr\u00e1nsito\u00a0\u00a0"},"content":{"rendered":"\n<p class=\"wp-block-paragraph\">Edda Vite, presidenta del Sistema DIF Hidalgo, en compa\u00f1\u00eda de Celia Chavar\u00edn, directora general de Asistencia Social, fueron parte de la ceremonia conmemorativa del D\u00eda Mundial en Recuerdo de las V\u00edctimas de Accidentes de Tr\u00e1nsito, organizada por el Consejo Estatal para la Prevenci\u00f3n de Accidentes en Hidalgo (COEPRAH).&nbsp;&nbsp;&nbsp;<\/p>\n\n\n\n<p class=\"wp-block-paragraph\">La presidenta del Patronato del Sistema DIFH, subray\u00f3 la importancia de reeducar a la poblaci\u00f3n en general en las vertientes de la cultura vial y peatonal.&nbsp;<\/p>\n\n\n\n<p class=\"wp-block-paragraph\">Adem\u00e1s, exhort\u00f3 a los consejeros y vocales del COEPRAH as\u00ed como a las y los representantes de las 17 jurisdicciones sanitarias del estado, la Secretar\u00eda de Movilidad y Transporte, Protecci\u00f3n Civil y los diferentes elementos de las corporaciones de Polic\u00eda Municipal, Prevenci\u00f3n del Delito y Cruz Roja a trabajar para disminuir las altas cifras de accidentes provocados por este fen\u00f3meno multidimensional.<\/p>\n\n\n\n<p class=\"wp-block-paragraph\">\u201cQue esta reuni\u00f3n sea de provecho para el desarrollo de acciones que impulsen programas enfocados a la disminuci\u00f3n del n\u00famero de accidentes de tr\u00e1nsito\u201d, indic\u00f3 Edda Vite.<\/p>\n\n\n\n<p class=\"wp-block-paragraph\">El auditorio de la Casa de las y los Adolescentes fue la sede del evento que tuvo como elemento c\u00falmine un minuto de silencio solemne en memoria de 290 personas fallecidas en Hidalgo en este 2022.<\/p>\n","protected":false},"excerpt":{"rendered":"<p>Edda Vite, presidenta del Sistema DIF Hidalgo, en compa\u00f1\u00eda de Celia Chavar\u00edn, directora general de Asistencia Social, fueron parte de la ceremonia conmemorativa del D\u00eda Mundial en Recuerdo de las V\u00edctimas de Accidentes de Tr\u00e1nsito, organizada por el Consejo Estatal para la Prevenci\u00f3n de Accidentes en Hidalgo (COEPRAH).&nbsp;&nbsp;&nbsp; La presidenta del Patronato del Sistema DIFH, [&hellip;]<\/p>\n","protected":false},"author":93,"featured_media":239518,"comment_status":"closed","ping_status":"closed","sticky":false,"template":"","format":"standard","meta":{"footnotes":""},"categories":[59,2159],"tags":[],"class_list":["post-239517","post","type-post","status-publish","format-standard","has-post-thumbnail","hentry","category-general","category-noticias-de-hidalgo"],"_links":{"self":[{"href":"https:\/\/plazajuarez.mx\/historico\/wp-json\/wp\/v2\/posts\/239517","targetHints":{"allow":["GET"]}}],"collection":[{"href":"https:\/\/plazajuarez.mx\/historico\/wp-json\/wp\/v2\/posts"}],"about":[{"href":"https:\/\/plazajuarez.mx\/historico\/wp-json\/wp\/v2\/types\/post"}],"author":[{"embeddable":true,"href":"https:\/\/plazajuarez.mx\/historico\/wp-json\/wp\/v2\/users\/93"}],"replies":[{"embeddable":true,"href":"https:\/\/plazajuarez.mx\/historico\/wp-json\/wp\/v2\/comments?post=239517"}],"version-history":[{"count":0,"href":"https:\/\/plazajuarez.mx\/historico\/wp-json\/wp\/v2\/posts\/239517\/revisions"}],"wp:featuredmedia":[{"embeddable":true,"href":"https:\/\/plazajuarez.mx\/historico\/wp-json\/wp\/v2\/media\/239518"}],"wp:attachment":[{"href":"https:\/\/plazajuarez.mx\/historico\/wp-json\/wp\/v2\/media?parent=239517"}],"wp:term":[{"taxonomy":"category","embeddable":true,"href":"https:\/\/plazajuarez.mx\/historico\/wp-json\/wp\/v2\/categories?post=239517"},{"taxonomy":"post_tag","embeddable":true,"href":"https:\/\/plazajuarez.mx\/historico\/wp-json\/wp\/v2\/tags?post=239517"}],"curies":[{"name":"wp","href":"https:\/\/api.w.org\/{rel}","templated":true}]}}